{"id":97675,"date":"2017-07-27T11:10:12","date_gmt":"2017-07-27T14:10:12","guid":{"rendered":"http:\/\/prensa.mendoza.gov.ar\/?p=97675"},"modified":"2017-07-27T11:10:12","modified_gmt":"2017-07-27T14:10:12","slug":"nuevos-servicios-de-transporte-para-guaymallen","status":"publish","type":"post","link":"https:\/\/www.mendoza.gov.ar\/prensa\/nuevos-servicios-de-transporte-para-guaymallen\/","title":{"rendered":"Nuevos servicios de transporte para Guaymall\u00e9n"},"content":{"rendered":"<!DOCTYPE html PUBLIC \"-\/\/W3C\/\/DTD HTML 4.0 Transitional\/\/EN\" \"http:\/\/www.w3.org\/TR\/REC-html40\/loose.dtd\">\n<html><body><p>Desde ma&ntilde;ana, los usuarios del transporte p&uacute;blico de Guaymall&eacute;n tendr&aacute;n&nbsp;nuevos servicios que mejorar&aacute;n la accesibilidad ante la gran demanda en algunas zonas del departamento.<\/p>\n<p>A continuaci&oacute;n, se detallan las l&iacute;neas locales que comenzar&aacute;n a prestar servicio:<\/p>\n<p><strong>Rodeo de la Cruz-Colonia Segovia por Buenos Vecino<\/strong>s.&nbsp;Tres frecuencias de lunes a viernes, con el siguiente recorrido: Control Rodeo de la Cruz, Elpidio Gonz&aacute;lez, Ferrer, Bandera de los Andes, Pascual Lauriente (Centro de Salud),&nbsp;Agust&iacute;n &Aacute;lvarez, Bandera de los Andes,&nbsp;Torrontegui, Godoy Cruz, S&aacute;nchez, Buena Nueva (escuela Lugones),&nbsp;Buenos Vecinos, Ferrari, Severo del Castillo, Control Pte. Hierro, Severo del Castillo, Ferrari, Buenos Vecinos,&nbsp;Buenos Aires, S&aacute;nchez, Buena Nueva (escuela Lugones), Buenos Vecinos, Torrontegui, Bandera de los Andes, Agust&iacute;n &Aacute;lvarez, Pascual Lauriente (Centro de Salud), Bandera de los Andes, Arturo Gonz&aacute;lez, Elpidio Gonz&aacute;lez,&nbsp;llegada a Control Rodeo de la Cruz.<\/p>\n<p>&nbsp;<\/p>\n<p><a href=\"https:\/\/www.mendoza.gov.ar\/prensa\/wp-content\/uploads\/sites\/23\/Operativo-Seguridad-en-Transporte-45.jpg\"><img loading=\"lazy\" class=\"alignnone wp-image-97677 img-responsive center-block\" src=\"https:\/\/www.mendoza.gov.ar\/prensa\/wp-content\/uploads\/sites\/23\/Operativo-Seguridad-en-Transporte-45.jpg\" alt=\"\" width=\"650\" height=\"432\"><\/a><\/p>\n<p><strong>Rodeo de la Cruz-Colonia Segovia por S&aacute;nchez<\/strong>. Tres&nbsp;frecuencias de lunes a viernes. Circular&aacute; por Control Rodeo de la Cruz, Elpidio Gonz&aacute;lez, Ferrer, Bandera de los Andes, Pascual Lauriente,&nbsp;Centro de Salud,&nbsp;Agust&iacute;n &Aacute;lvarez, Bandera de los Andes,&nbsp;Torrontegui, Buenos Vecinos, Escuela Lugones,&nbsp;Buena Nueva,&nbsp;S&aacute;nchez, Buenos Aires, Buenos Vecinos, Ferrari, Severo del Castillo, Control Pte. Hierro, Severo del Castillo, Ferrari, Buenos Vecinos,&nbsp;Buena Nueva, Escuela Lugones, S&aacute;nchez, Godoy Cruz, Buenos Vecinos, Torrontegui, Bandera de los Andes, Agust&iacute;n &Aacute;lvarez, Pascual Lauriente, Centro de Salud, Bandera de los Andes, Arturo Gonz&aacute;lez, Elpidio Gonz&aacute;lez,&nbsp;Llegada a Control Rodeo de la Cruz.<\/p>\n<p><strong>Local Pedregal<\/strong>. Tendr&aacute; 4 frecuencias de lunes a viernes y tendr&aacute; este recorrido: Control, Elpidio Gonz&aacute;lez, Ferrer, Arco, A. Alvarez (Centro de Salud), Bandera de los Andes, Silvano Rodriguez Km. 8, Argumedo hasta Ruta 20, Argumedo, Mitre, Serpa hasta Ruta 50, Serpa, Mitre, Argumedo, Carril Nacional, Bandera de los Andes, Pascual Lauriente, A. Alvarez, Bandera de los Andes, Ferrer, Control.<\/p>\n<p><strong>Local Colonia Bombal<\/strong>. Solamente contar&aacute; con una&nbsp;frecuencia de lunes a viernes, con este recorrido: Control, Elpidio Gonz&aacute;lez, Ferrer, Bandera de los Andes, A. &Aacute;lvarez, Pascual Lauriente, Bandera de los Andes, Ruta 50, Los Ba&ntilde;os, San Jos&eacute;, Belgrano, Yrigoyen, San Mart&iacute;n, El Bosque, Roma, Don Bosco, Ruta 20, Don Bosco, Ruta 50, Bandera de los Andes, Pascual Lauriente, A. &Aacute;lvarez, Bandera de los Andes, Ferrer, Control.<\/p>\n<p>Estos recorridos mejorar&aacute;n considerablemente la prestaci&oacute;n de este servicio p&uacute;bico en zonas de Colonia Segovia, Pedregal, Colonia Bombal calles Ferrari, Buenos Vecinos, S&aacute;nchez y la comunidad educativa de la Escuela Leopoldo Lugones.<\/p>\n<p><strong>Modificaci&oacute;n de recorrido de la L&iacute;nea 34<\/strong><\/p>\n<p>Por otro lado, se realiz&oacute; una modificaci&oacute;n en la traza de la L&iacute;nea 34 que presta el Grupo 3, &ldquo;Vinculaci&oacute;n por el Oeste-B&deg; La Estanzuela&rdquo;. A partir de ahora los colectivos circular&aacute;n por calle Einstein, llegando a Per&oacute;n y retornar&aacute;n por Pareditas hacia calle Chuquisaca.<\/p>\n<p>Este cambio se efectu&oacute; con el objetivo de que los vecinos de los barrios Sol y&nbsp;Sierra, Solidaridad, Sol y Esperanza, Gim&eacute;nez, Herrero, Aconcagua y Jard&iacute;n Sarmiento tambi&eacute;n puedan acceder al transporte p&uacute;blico.<\/p>\n<p>La l&iacute;nea tiene&nbsp;32 frecuencias de lunes a viernes, y 16, los s&aacute;bados.<\/p>\n<\/body><\/html>\n","protected":false},"excerpt":{"rendered":"Se trata de recorridos locales que beneficiar\u00e1n a zonas de Colonia Segovia, Pedregal, Colonia Bombal y a la comunidad de la Escuela Lugones. Estar\u00e1n a cargo de la Empresa Maip\u00fa, Grupo 2.","protected":false},"author":2,"featured_media":97676,"comment_status":"open","ping_status":"open","sticky":false,"template":"","format":"standard","meta":[],"categories":[34],"tags":[],"_links":{"self":[{"href":"https:\/\/www.mendoza.gov.ar\/prensa\/wp-json\/wp\/v2\/posts\/97675"}],"collection":[{"href":"https:\/\/www.mendoza.gov.ar\/prensa\/wp-json\/wp\/v2\/posts"}],"about":[{"href":"https:\/\/www.mendoza.gov.ar\/prensa\/wp-json\/wp\/v2\/types\/post"}],"author":[{"embeddable":true,"href":"https:\/\/www.mendoza.gov.ar\/prensa\/wp-json\/wp\/v2\/users\/2"}],"replies":[{"embeddable":true,"href":"https:\/\/www.mendoza.gov.ar\/prensa\/wp-json\/wp\/v2\/comments?post=97675"}],"version-history":[{"count":0,"href":"https:\/\/www.mendoza.gov.ar\/prensa\/wp-json\/wp\/v2\/posts\/97675\/revisions"}],"wp:featuredmedia":[{"embeddable":true,"href":"https:\/\/www.mendoza.gov.ar\/prensa\/wp-json\/wp\/v2\/media\/97676"}],"wp:attachment":[{"href":"https:\/\/www.mendoza.gov.ar\/prensa\/wp-json\/wp\/v2\/media?parent=97675"}],"wp:term":[{"taxonomy":"category","embeddable":true,"href":"https:\/\/www.mendoza.gov.ar\/prensa\/wp-json\/wp\/v2\/categories?post=97675"},{"taxonomy":"post_tag","embeddable":true,"href":"https:\/\/www.mendoza.gov.ar\/prensa\/wp-json\/wp\/v2\/tags?post=97675"}],"curies":[{"name":"wp","href":"https:\/\/api.w.org\/{rel}","templated":true}]}}