{"id":9797,"date":"2012-07-31T00:00:00","date_gmt":"2012-07-31T00:00:00","guid":{"rendered":"http:\/\/prensa.wp2.mendoza.gov.ar\/?p=9797"},"modified":"2012-07-31T00:00:00","modified_gmt":"2012-07-31T00:00:00","slug":"se-realizo-la-primer-reunion-de-la-comision-de-conservacion-de-bienes-comunes","status":"publish","type":"post","link":"https:\/\/www.mendoza.gov.ar\/prensa\/se-realizo-la-primer-reunion-de-la-comision-de-conservacion-de-bienes-comunes\/","title":{"rendered":"Se realiz\u00f3 la primer reuni\u00f3n de la Comisi\u00f3n de Conservaci\u00f3n de Bienes Comunes"},"content":{"rendered":"<!DOCTYPE html PUBLIC \"-\/\/W3C\/\/DTD HTML 4.0 Transitional\/\/EN\" \"http:\/\/www.w3.org\/TR\/REC-html40\/loose.dtd\">\n<html><body><p>La reuni&oacute;n cont&oacute; con la presencia de representantes de organismos provinciales, nacionales, municipales y organizaciones de la sociedad civil. El acto de apertura estuvo a cargo del Secretario de Ambiente de la Provincia, Ing. Marcos Zandomeni, quien destac&oacute; la relevancia de esta comisi&oacute;n y sintetiz&oacute; el enfoque actual del tema afirmando que &ldquo;la conservaci&oacute;n hoy no puede entenderse separada de la vida humana con todas su actividades. El foco es el hombre&rdquo;.<\/p>\n<p>Al tratarse de la primera de una serie de encuentros sectoriales, fueron invitados a disertar, dos importantes especialistas que aportaron valiosos datos provinciales y nuevas perspectivas para abordar la conservaci&oacute;n en funci&oacute;n del ordenamiento territorial. Se trata del Dr. Ricardo Villalba, especialista en glaciares y del renombrado experto costarricense en &aacute;reas protegidas, Stanley Arguedas Mora.<\/p>\n<p>Tras la exposici&oacute;n de dichos disertantes, se conformaron las mesas del taller para la validaci&oacute;n t&eacute;cnica y territorial de las directrices del futuro Plan Provincial de Ordenamiento Territorial. Participaron del mismo, representantes de la Direcci&oacute;n de Recursos Naturales Renovables y la Direcci&oacute;n de Desarrollo Territorial &ndash;ambas de la Secretar&iacute;a de Ambiente y Desarrollo Sustentable-, del Departamento General de Irrigaci&oacute;n, de la Direcci&oacute;n de Patrimonio -Ministerio de Cultura-, de la Subsecretar&iacute;a de la Gesti&oacute;n P&uacute;blica, del Instituto Argentino de Investigaciones de las Zonas &Aacute;ridas (IADIZA), del Instituto de Ciencias Ambientales &ndash;UnCuyo-, del Instituto de Cartograf&iacute;a, Investigaci&oacute;n y Formaci&oacute;n para el Ordenamiento Territorial (CIFOT), de la Asociaci&oacute;n Nodo Mendoza -Red Argentina del Paisaje- y del Municipio de Lavalle.<\/p>\n<p>Al culminar el Taller cada mesa de trabajo expuso sus conclusiones y sugerencias metodol&oacute;gicas para los pr&oacute;ximos encuentros.<\/p>\n<p>Conceptos destacados de las Disertaciones<\/p>\n<p>Dr. Ricardo Villalba: &ldquo;Contribuci&oacute;n del IANIGLA al Inventario Nacional del Glaciares: Avances en Mendoza&rdquo;<\/p>\n<p>El Dr. Ricardo Villalba asisti&oacute; en representaci&oacute;n del grupo Inventario de Glaciares y Ambiente Periglacial del Instituto Argentino de Nivolog&iacute;a, Glaciolog&iacute;a y Ciencias Ambientales (IANIGLA) para el que se encuentra trabajando.<\/p>\n<p>Inici&oacute; su exposici&oacute;n remarcando la importancia de los glaciares como reservas h&iacute;dricas estrat&eacute;gicas &ldquo;Las cordilleras son las torres proveedoras de agua del siglo XXI, seg&uacute;n la UNESCO&rdquo;, cit&oacute; y subray&oacute; la trascendencia del tema sobre todo, en zonas como la nuestra donde el recurso agua es limitado.<\/p>\n<p>Destac&oacute; que, sin embargo Mendoza hist&oacute;ricamente, es quiz&aacute; uno de los territorios de Latinoam&eacute;rica m&aacute;s concientes en cuanto a la valoraci&oacute;n del recurso h&iacute;drico dado que es el &uacute;nico lugar donde puede hallarse un registro cont&iacute;nuo de caudales desde 1906.<\/p>\n<p>Villalba considera esencial que el pa&iacute;s ya tenga &ndash;incluso reglamentada desde el a&ntilde;o pasado- la Ley de Glaciares n&ordm; 26.639, que estipula la adjudicaci&oacute;n de presupuesto para la preservaci&oacute;n de los glaciares y ambientes periglaciares. En tal sentido, actualmente se est&aacute; encarando desde la Naci&oacute;n &ndash;a trav&eacute;s del IANIGLA &ndash; en colaboraci&oacute;n con la provincia &ndash;a trav&eacute;s de la SAyDS- el trabajo de inventario de los glaciares existentes en la cordillera mendocina, tarea a desarrollar en tres a&ntilde;os pero que ya ha alcanzado un grado considerable de avance.<\/p>\n<p>En tal sentido el especialista efectu&oacute; una s&iacute;ntesis de todo lo realizado en Mendoza, que ya tiene registrados todos los tipos de glaciares existentes actualmente en la Cuenca del R&iacute;o Mendoza, con m&aacute;s de 1.600 geoformas inventariadas, las cuales alcanzan una superficie total de m&aacute;s de 570 km2. Cabe aclarar que por convenci&oacute;n internacional, los glaciares se organizan seg&uacute;n el criterio de las cuencas hidrogr&aacute;ficas.<\/p>\n<p>Concluy&oacute; sintetizando la vital importancia del tema para la provincia y el pa&iacute;s, e indic&oacute; que a continuaci&oacute;n se seguir&aacute;n inventariando las reservas de glaciares de las restantes cuencas mendocinas como la del R&iacute;o Tunuy&aacute;n y la del R&iacute;o Atuel.<\/p>\n<p>Stanley Arguedas Mora (Costa Rica) : &ldquo;Los enfoques de la conservaci&oacute;n moderna aplicados al ordenamiento territorial, como herramienta para el desarrollo sustentable&rdquo;<\/p>\n<p>Este especialista en planificaci&oacute;n de &aacute;reas naturales que trabaj&oacute; para varios pa&iacute;ses de la regi&oacute;n, considera decisivo enfocar el tema de la conservaci&oacute;n vinculando tres componentes: el social, el ambiental y el econ&oacute;mico.<\/p>\n<p>Para ello enumer&oacute; cuatro temas b&aacute;sicos a considerar:<\/p>\n<p>1. La gesti&oacute;n integrada e integral del territorio a partir de una visi&oacute;n com&uacute;n.<br>2. La funcionalidad ecosist&eacute;mica como base para un desarrollo sustentable.<br>3. La gobernanza participativa y descentralizada<br>4. La contextualizaci&oacute;n econ&oacute;mica de los esfuerzos de conservaci&oacute;n.<\/p>\n<p>1. Se refiere particularmente a concertar una visi&oacute;n com&uacute;n sist&eacute;mica entre todos los actores involucrados en la conservaci&oacute;n de bienes naturales. Remarca la idea de que el sistema a intervenir no es s&oacute;lo el natural, sino que incluye a los sistemas que genera la vida humana (lo productivo, lo urbano, la infraestructura). Al respecto, coment&oacute; ejemplos de pa&iacute;ses de Am&eacute;rica que abordaron el tema con este nuevo paradigma como: el Manejo Mosaico de &Aacute;reas Protegidas de Brasil, las &Aacute;reas de Conservaci&oacute;n de Costa Rica o el Manejo Integrado de Cuencas.<\/p>\n<p>2. Puntualiza la necesidad de planificar y gestionar desde una &oacute;ptica de relaciones funcionales, que vinculan los subsistemas naturales con otros, como los susbsistemas agr&iacute;colas. En este sentido, ejemplific&oacute; la experiencia costarricense donde una zona de produccci&oacute;n de naranjas se vio altamente beneficiada por el subsistema natural colindante -que permiti&oacute; que dicha producci&oacute;n se viera protegida de ataques de plagas por los efectos de los agentes naturales-, por un ecosistema sano. Lo cual hasta permiti&oacute; efectuar una producci&oacute;n org&aacute;nica apta para exportar a los exigentes mercados europeos.<\/p>\n<p>Este punto en s&iacute;ntesis, se refiere al cambio de enfoque a la hora de determinar qu&eacute; proteger. Entonces justamente lo importante no es definir el &aacute;rea o espacio a conservar sino que lo que se debe proteger es la relaci&oacute;n funcional entre las distintas &aacute;reas que componen el ecosistema.<\/p>\n<p>3. Otro tema esencial es comprender que la gesti&oacute;n de los bienes naturales debe involucrar y comprometer a todos los actores intervinientes, sobre todo los m&aacute;s cercanos al territorio. Habla de rescatar lo territorial, por lo cual cobran particular importancia los planes de ordenamiento municipales y los planes de manejo de &aacute;reas protegidas. No s&oacute;lo lo general y global.<\/p>\n<p>4. Este punto se focaliza en comprender que las &aacute;reas protegidas no son un estorbo para el desarrollo sino todo lo contrario. Tienen impactos econ&oacute;micos muy beneficiosos ya que es factible que &ndash; existen varios ejemplos en Latinoam&eacute;rica- el valor de estos bienes naturales protegidos puedan estimarse econ&oacute;micamente, num&eacute;ricamente, evidenciando balances positivos en su relaci&oacute;n costo-beneficio.<\/p>\n<\/body><\/html>\n","protected":false},"excerpt":{"rendered":"La reuni&oacute;n cont&oacute; con la presencia de representantes de organismos provinciales, nacionales, municipales y organizaciones de la sociedad civil. El acto de apertura estuvo a cargo del Secretario de Ambiente de la Provincia, Ing. Marcos Zandomeni, quien destac&oacute; la relevancia de esta comisi&oacute;n y sintetiz&oacute; el enfoque actual del tema afirmando que &ldquo;la conservaci&oacute;n hoy&#8230; <a class=\"view-article\" href=\"https:\/\/www.mendoza.gov.ar\/prensa\/se-realizo-la-primer-reunion-de-la-comision-de-conservacion-de-bienes-comunes\/\"><\/a>","protected":false},"author":3,"featured_media":0,"comment_status":"closed","ping_status":"open","sticky":false,"template":"","format":"standard","meta":[],"categories":[3],"tags":[],"_links":{"self":[{"href":"https:\/\/www.mendoza.gov.ar\/prensa\/wp-json\/wp\/v2\/posts\/9797"}],"collection":[{"href":"https:\/\/www.mendoza.gov.ar\/prensa\/wp-json\/wp\/v2\/posts"}],"about":[{"href":"https:\/\/www.mendoza.gov.ar\/prensa\/wp-json\/wp\/v2\/types\/post"}],"author":[{"embeddable":true,"href":"https:\/\/www.mendoza.gov.ar\/prensa\/wp-json\/wp\/v2\/users\/3"}],"replies":[{"embeddable":true,"href":"https:\/\/www.mendoza.gov.ar\/prensa\/wp-json\/wp\/v2\/comments?post=9797"}],"version-history":[{"count":0,"href":"https:\/\/www.mendoza.gov.ar\/prensa\/wp-json\/wp\/v2\/posts\/9797\/revisions"}],"wp:attachment":[{"href":"https:\/\/www.mendoza.gov.ar\/prensa\/wp-json\/wp\/v2\/media?parent=9797"}],"wp:term":[{"taxonomy":"category","embeddable":true,"href":"https:\/\/www.mendoza.gov.ar\/prensa\/wp-json\/wp\/v2\/categories?post=9797"},{"taxonomy":"post_tag","embeddable":true,"href":"https:\/\/www.mendoza.gov.ar\/prensa\/wp-json\/wp\/v2\/tags?post=9797"}],"curies":[{"name":"wp","href":"https:\/\/api.w.org\/{rel}","templated":true}]}}