{"id":97996,"date":"2017-07-30T17:36:41","date_gmt":"2017-07-30T20:36:41","guid":{"rendered":"http:\/\/prensa.mendoza.gov.ar\/?p=97996"},"modified":"2017-07-30T17:36:41","modified_gmt":"2017-07-30T20:36:41","slug":"jornada-de-actualizacion-en-cirugia-y-traumatologia-bucomaxilofacial-en-osep","status":"publish","type":"post","link":"https:\/\/www.mendoza.gov.ar\/prensa\/jornada-de-actualizacion-en-cirugia-y-traumatologia-bucomaxilofacial-en-osep\/","title":{"rendered":"Jornada de actualizaci\u00f3n en cirug\u00eda y traumatolog\u00eda bucomaxilofacial en OSEP"},"content":{"rendered":"<!DOCTYPE html PUBLIC \"-\/\/W3C\/\/DTD HTML 4.0 Transitional\/\/EN\" \"http:\/\/www.w3.org\/TR\/REC-html40\/loose.dtd\">\n<html><body><p>Esta capacitaci&oacute;n, que apunta a optimizar las prestaciones, cuenta con gran concurrencia de profesionales de la Obra Social de Empleados P&uacute;blicos (OSEP) de todo el territorio relacionados al tema: odont&oacute;logos, fonoaudi&oacute;logos, m&eacute;dicos y cirujanos.<\/p>\n<p>Entre los disertantes est&aacute;&nbsp;el doctor Alejandro Ostrosky, m&eacute;dico odont&oacute;logo especialista en cirug&iacute;a bucomaxilofacial y cabeza y cuello, que expuso sobre&nbsp;las t&eacute;cnicas reconstructivas del esqueleto de la cara. Actualmente se desempe&ntilde;a en el Servicio de Cirug&iacute;a del Hospital Durand y es jefe del Servicio Maxilofacial del Hospital Luciano y Mariano de la Vega, ambas instituciones de Buenos Aires.<\/p>\n<\/body><\/html>\n","protected":false},"excerpt":{"rendered":"En el marco de la presentaci\u00f3n del Servicio de Cirug\u00eda y Traumatolog\u00eda Maxilofacial que funciona hace m\u00e1s de un a\u00f1o en el Hospital del Carmen, se desarrolla una jornada de actualizaci\u00f3n sobre esta especialidad en el edificio Xeltahuina de OSEP.","protected":false},"author":2,"featured_media":97999,"comment_status":"open","ping_status":"open","sticky":false,"template":"","format":"standard","meta":[],"categories":[30],"tags":[],"_links":{"self":[{"href":"https:\/\/www.mendoza.gov.ar\/prensa\/wp-json\/wp\/v2\/posts\/97996"}],"collection":[{"href":"https:\/\/www.mendoza.gov.ar\/prensa\/wp-json\/wp\/v2\/posts"}],"about":[{"href":"https:\/\/www.mendoza.gov.ar\/prensa\/wp-json\/wp\/v2\/types\/post"}],"author":[{"embeddable":true,"href":"https:\/\/www.mendoza.gov.ar\/prensa\/wp-json\/wp\/v2\/users\/2"}],"replies":[{"embeddable":true,"href":"https:\/\/www.mendoza.gov.ar\/prensa\/wp-json\/wp\/v2\/comments?post=97996"}],"version-history":[{"count":0,"href":"https:\/\/www.mendoza.gov.ar\/prensa\/wp-json\/wp\/v2\/posts\/97996\/revisions"}],"wp:featuredmedia":[{"embeddable":true,"href":"https:\/\/www.mendoza.gov.ar\/prensa\/wp-json\/wp\/v2\/media\/97999"}],"wp:attachment":[{"href":"https:\/\/www.mendoza.gov.ar\/prensa\/wp-json\/wp\/v2\/media?parent=97996"}],"wp:term":[{"taxonomy":"category","embeddable":true,"href":"https:\/\/www.mendoza.gov.ar\/prensa\/wp-json\/wp\/v2\/categories?post=97996"},{"taxonomy":"post_tag","embeddable":true,"href":"https:\/\/www.mendoza.gov.ar\/prensa\/wp-json\/wp\/v2\/tags?post=97996"}],"curies":[{"name":"wp","href":"https:\/\/api.w.org\/{rel}","templated":true}]}}