{"id":98273,"date":"2017-08-01T13:09:30","date_gmt":"2017-08-01T16:09:30","guid":{"rendered":"http:\/\/prensa.mendoza.gov.ar\/?p=98273"},"modified":"2017-08-01T13:09:30","modified_gmt":"2017-08-01T16:09:30","slug":"aprehendieron-a-un-individuo-que-vendia-aves-a-traves-de-facebook","status":"publish","type":"post","link":"https:\/\/www.mendoza.gov.ar\/prensa\/aprehendieron-a-un-individuo-que-vendia-aves-a-traves-de-facebook\/","title":{"rendered":"Qued\u00f3 detenido un hombre que vend\u00eda aves por Facebook"},"content":{"rendered":"<!DOCTYPE html PUBLIC \"-\/\/W3C\/\/DTD HTML 4.0 Transitional\/\/EN\" \"http:\/\/www.w3.org\/TR\/REC-html40\/loose.dtd\">\n<html><body><p>El equipo de investigadores del Departamento de Fauna, perteneciente a la Direcci&oacute;n de Recursos Naturales Renovables, identific&oacute; una publicaci&oacute;n dentro de uno de los tantos grupos de compra y venta de aves que tienen intervenidos. Se procedi&oacute; a investigar al usuario que realiz&oacute; la publicaci&oacute;n y luego se lo detuvo en la v&iacute;a p&uacute;blica buscando concretar una venta. El hombre, mayor de edad, se movilizaba en un veh&iacute;culo con pedido de secuestro llevando cinco aves de la fauna local, p&aacute;jaros de la especie siete cuchillos, que&nbsp;no contaban con los certificados que agredir&aacute;n su procedencia legal.<\/p>\n<p>La detenci&oacute;n se realiz&oacute;&nbsp;en la intersecci&oacute;n de las calles Tirasso y Godoy Cruz, de Guaymallen. El detenido qued&oacute; a disposici&oacute;n de la Oficina Fiscal 19 de la Comisar&iacute;a 35 de Rodeo de la Cruz.<\/p>\n<p>La fauna silvestre de la provincia de Mendoza est&aacute; protegida y por lo tanto su tenencia es ilegal, seg&uacute;n la Ley Nacional de Fauna 22421, la Ley Provincial de adhesi&oacute;n 4602, su modificatoria 7308 y el Decreto Reglamentario 1890\/05.<\/p>\n<p>Quienes deseen brindar informaci&oacute;n sobre ejemplares de fauna silvestre heridos o denunciar casos de caza o tenencia ilegal pueden hacerlo a trav&eacute;s del portal de denuncia en el sitio de internet de ambiente: www.mendoza.gov.ar\/ambiente.<\/p>\n<p>Tambi&eacute;n, comunicarse telef&oacute;nicamente a la Direcci&oacute;n de Recursos Naturales Renovables a los tel&eacute;fonos 4252090 y 4257065, de 8 a 13, de lunes a viernes o al 911 (Polic&iacute;a de Seguridad Rural de&nbsp;Mendoza).<\/p>\n<\/body><\/html>\n","protected":false},"excerpt":{"rendered":"Se logr\u00f3 gracias a una investigaci\u00f3n de Fauna en cooperaci\u00f3n con la Polic\u00eda Rural.","protected":false},"author":2,"featured_media":98299,"comment_status":"open","ping_status":"open","sticky":false,"template":"","format":"standard","meta":[],"categories":[3],"tags":[],"_links":{"self":[{"href":"https:\/\/www.mendoza.gov.ar\/prensa\/wp-json\/wp\/v2\/posts\/98273"}],"collection":[{"href":"https:\/\/www.mendoza.gov.ar\/prensa\/wp-json\/wp\/v2\/posts"}],"about":[{"href":"https:\/\/www.mendoza.gov.ar\/prensa\/wp-json\/wp\/v2\/types\/post"}],"author":[{"embeddable":true,"href":"https:\/\/www.mendoza.gov.ar\/prensa\/wp-json\/wp\/v2\/users\/2"}],"replies":[{"embeddable":true,"href":"https:\/\/www.mendoza.gov.ar\/prensa\/wp-json\/wp\/v2\/comments?post=98273"}],"version-history":[{"count":0,"href":"https:\/\/www.mendoza.gov.ar\/prensa\/wp-json\/wp\/v2\/posts\/98273\/revisions"}],"wp:featuredmedia":[{"embeddable":true,"href":"https:\/\/www.mendoza.gov.ar\/prensa\/wp-json\/wp\/v2\/media\/98299"}],"wp:attachment":[{"href":"https:\/\/www.mendoza.gov.ar\/prensa\/wp-json\/wp\/v2\/media?parent=98273"}],"wp:term":[{"taxonomy":"category","embeddable":true,"href":"https:\/\/www.mendoza.gov.ar\/prensa\/wp-json\/wp\/v2\/categories?post=98273"},{"taxonomy":"post_tag","embeddable":true,"href":"https:\/\/www.mendoza.gov.ar\/prensa\/wp-json\/wp\/v2\/tags?post=98273"}],"curies":[{"name":"wp","href":"https:\/\/api.w.org\/{rel}","templated":true}]}}