{"id":98310,"date":"2017-08-01T13:33:00","date_gmt":"2017-08-01T16:33:00","guid":{"rendered":"http:\/\/prensa.mendoza.gov.ar\/?p=98310"},"modified":"2017-08-01T13:33:00","modified_gmt":"2017-08-01T16:33:00","slug":"fondo-compensador-agricola-el-jueves-comienzan-los-nuevos-pagos","status":"publish","type":"post","link":"https:\/\/www.mendoza.gov.ar\/prensa\/fondo-compensador-agricola-el-jueves-comienzan-los-nuevos-pagos\/","title":{"rendered":"Fondo Compensador Agr\u00edcola: el jueves comienzan los nuevos pagos"},"content":{"rendered":"<!DOCTYPE html PUBLIC \"-\/\/W3C\/\/DTD HTML 4.0 Transitional\/\/EN\" \"http:\/\/www.w3.org\/TR\/REC-html40\/loose.dtd\">\n<html><body><p>El jueves 3, viernes 4 y lunes 7 de agosto, el Gobierno liquidar&aacute; una nueva partida del Fondo Compensador Agr&iacute;cola de la temporada 2016-2017. El pago abarca 567 agricultores de toda la provincia. Corresponde a la segunda cuota y est&aacute; destinado a productores que hayan tenido p&eacute;rdidas mayores al 94% y productores con p&eacute;rdidas del 93% que posean hasta 14 hect&aacute;reas.<\/p>\n<p>En total, son 567 productores: 296 de San Rafael, 190 de General Alvear, 10 de Jun&iacute;n, 15 de Rivadavia, 16 de Santa Rosa, 3 de La Paz, 12 de San Mart&iacute;n, 2 de Lavalle, 1 de Luj&aacute;n de Cuyo, 4 de Maip&uacute;, 2 de San Carlos, 14 de Tunuy&aacute;n y 1 Tupungato.<\/p>\n<p>Las liquidaciones se efectuar&aacute;n en sucursales del Banco Supervielle. Para m&aacute;s informaci&oacute;n sobre las fechas de pago, acudir a las delegaciones de la Direcci&oacute;n de Agricultura y Contingencias Clim&aacute;ticas (DACC).<\/p>\n<p><strong>Delegaciones<\/strong><\/p>\n<p><strong>San Rafael<\/strong><\/p>\n<p>Delegaci&oacute;n DACC. Alsina 445, Ciudad. Tel. 0260 4438052.<\/p>\n<p><strong>General Alvear<\/strong><\/p>\n<p>Oficina DACC General Alvear. Patricias Mendocinas 198. Tel. 0261 156988982.<\/p>\n<p><strong>San Mart&iacute;n<\/strong><\/p>\n<p>Delegaci&oacute;n DACC. Viamonte 1000, Ciudad. Tel. 0263 4420365.<\/p>\n<p><strong>Rivadavia<\/strong><\/p>\n<p>Desarrollo Econ&oacute;mico. Oficinas del Lago Municipal. Tel. 0263 4444549.<\/p>\n<p><strong>Jun&iacute;n<\/strong><\/p>\n<p>Promoci&oacute;n Econ&oacute;mica. Municipalidad de Jun&iacute;n-Tels. 0263 4492050\/387\/199.<\/p>\n<p><strong>Santa Rosa<\/strong><\/p>\n<p>Direcci&oacute;n de Producci&oacute;n. Julio A. Roca 81, Santa Rosa.<\/p>\n<p><strong>Lavalle<\/strong><\/p>\n<p>Desarrollo Econ&oacute;mico. Municipalidad de Lavalle. Beltr&aacute;n 37, Ciudad. Tel: 0261 4941216.<\/p>\n<p><strong>Tunuy&aacute;n<\/strong><\/p>\n<p>Delegaci&oacute;n DACC. San Mart&iacute;n 1900, Centro C&iacute;vico, Ciudad. Tel. 02622 423036.<\/p>\n<p><strong>Tupungato<\/strong><\/p>\n<p>Municipalidad de Tupungato. Desarrollo Econ&oacute;mico. Tel. 02622 488914.<\/p>\n<p><strong>San Carlos<\/strong><\/p>\n<p>Sociedad Rural Valle de Uco. Ruta 40 s\/n. Tel. 02622 451482\/657.<\/p>\n<\/body><\/html>\n","protected":false},"excerpt":{"rendered":"Cobrar\u00e1n los productores que hayan sufrido p\u00e9rdidas en sus cultivos mayores al 93%. La semana pasada hab\u00eda iniciado primera parte del desembolso de $65 millones.","protected":false},"author":2,"featured_media":98311,"comment_status":"open","ping_status":"open","sticky":false,"template":"","format":"standard","meta":[],"categories":[1],"tags":[],"_links":{"self":[{"href":"https:\/\/www.mendoza.gov.ar\/prensa\/wp-json\/wp\/v2\/posts\/98310"}],"collection":[{"href":"https:\/\/www.mendoza.gov.ar\/prensa\/wp-json\/wp\/v2\/posts"}],"about":[{"href":"https:\/\/www.mendoza.gov.ar\/prensa\/wp-json\/wp\/v2\/types\/post"}],"author":[{"embeddable":true,"href":"https:\/\/www.mendoza.gov.ar\/prensa\/wp-json\/wp\/v2\/users\/2"}],"replies":[{"embeddable":true,"href":"https:\/\/www.mendoza.gov.ar\/prensa\/wp-json\/wp\/v2\/comments?post=98310"}],"version-history":[{"count":0,"href":"https:\/\/www.mendoza.gov.ar\/prensa\/wp-json\/wp\/v2\/posts\/98310\/revisions"}],"wp:featuredmedia":[{"embeddable":true,"href":"https:\/\/www.mendoza.gov.ar\/prensa\/wp-json\/wp\/v2\/media\/98311"}],"wp:attachment":[{"href":"https:\/\/www.mendoza.gov.ar\/prensa\/wp-json\/wp\/v2\/media?parent=98310"}],"wp:term":[{"taxonomy":"category","embeddable":true,"href":"https:\/\/www.mendoza.gov.ar\/prensa\/wp-json\/wp\/v2\/categories?post=98310"},{"taxonomy":"post_tag","embeddable":true,"href":"https:\/\/www.mendoza.gov.ar\/prensa\/wp-json\/wp\/v2\/tags?post=98310"}],"curies":[{"name":"wp","href":"https:\/\/api.w.org\/{rel}","templated":true}]}}