{"id":98476,"date":"2017-08-02T15:47:12","date_gmt":"2017-08-02T18:47:12","guid":{"rendered":"http:\/\/prensa.mendoza.gov.ar\/?p=98476"},"modified":"2017-08-02T15:47:12","modified_gmt":"2017-08-02T18:47:12","slug":"asumio-el-nuevo-director-del-hospital-el-carmen","status":"publish","type":"post","link":"https:\/\/www.mendoza.gov.ar\/prensa\/asumio-el-nuevo-director-del-hospital-el-carmen\/","title":{"rendered":"Asumi\u00f3 el nuevo director del Hospital del Carmen"},"content":{"rendered":"<!DOCTYPE html PUBLIC \"-\/\/W3C\/\/DTD HTML 4.0 Transitional\/\/EN\" \"http:\/\/www.w3.org\/TR\/REC-html40\/loose.dtd\">\n<html><body><div id=\"m_8985458932708148305yui_3_16_0_ym19_1_1501698534803_4536\">\n<p>Esta ma&ntilde;ana asumi&oacute; como nuevo director del Hospital El Carmen el doctor Oscar Boiero, de amplia trayectoria en el &aacute;mbito de salud provincial. El acto se realiz&oacute; en la explanada del edificio Ayacahuina, con la presencia del titular de OSEP, Sergio Vergara; la directora de Atenci&oacute;n a la Salud, Teresa Z&aacute;rate de Lara; el subsecretario de Salud de la provincia a cargo del ministerio, Oscar Sag&aacute;s, y el titular del&nbsp;PAMI en Mendoza,&nbsp;Carlos Valcarcel.<\/p>\n<p>Durante la ceremonia de asunci&oacute;n habl&oacute; en primer lugar la doctora Liliana Cammi, quien luego de casi dos&nbsp;a&ntilde;os al frente de ese hospital pasa a ser coordinadora general de Hospitales, dependiente de la Direcci&oacute;n General de la Obra Social. La m&eacute;dica agradeci&oacute; a compa&ntilde;eros de trabajo y afiliados, quienes con su paciencia posibilitaron realizar los cambios necesarios para mejorar la atenci&oacute;n, a la vez que dese&oacute; &eacute;xitos a su remplazante.<\/p>\n<p>En su primer d&iacute;a de gesti&oacute;n, Boiero manifest&oacute; la importancia de asumir este compromiso en OSEP y agradeci&oacute; la confianza de quienes lo propusieron y designaron en el cargo. Tambi&eacute;n tuvo palabras de reconocimiento para su familia, maestros y antecesores.&nbsp;Durante su alocuci&oacute;n destac&oacute; que su objetivo es &ldquo;trabajar en conjunto para que las pol&iacute;ticas de salud de la obra social lleguen a los beneficiarios&rdquo;.<\/p>\n<p>Por su parte, el director general de OSEP valor&oacute; el trabajo de la doctora Cammi y el equipo que se consolid&oacute; durante su mandato en el hospital. Tambi&eacute;n reconoci&oacute; la labor de la licenciada N&eacute;lida del Valle Flores, quien al igual que la exdirectora, ya comenz&oacute; sus tr&aacute;mites jubilatorios y pr&oacute;ximamente se retirar&aacute; de la instituci&oacute;n.<\/p>\n<p>En homenaje a estas dos mujeres de gran trayectoria en la instituci&oacute;n, se les entreg&oacute; un ramo de flores.<\/p>\n<p>Vergara dese&oacute; suerte al nuevo director del Carmen y expres&oacute; que &ldquo;cuenta con todo el respaldo y acompa&ntilde;amiento institucional&rdquo;.<\/p>\n<p>Sag&aacute;s defini&oacute; al Hospital del Carmen como un &ldquo;semillero de recurso humano&rdquo; que est&aacute; siempre presto para brindar el servicio. Dentro del sistema de salud es muy importante la participaci&oacute;n de este hospital porque trabaja en conjunto al ministerio en muchos proyectos, sobre todo en zonas alejadas, donde falta el recurso humano.&nbsp;Sag&aacute;s remarc&oacute; la necesidad de su fortalecimiento y dijo que Boiero es un hombre que conoce de gesti&oacute;n y aportar&aacute; lo mucho que sabe para lograr ese objetivo.<\/p>\n<\/div>\n<div><\/div>\n<div><a href=\"https:\/\/www.mendoza.gov.ar\/prensa\/wp-content\/uploads\/sites\/23\/asuncion-boiero_MG_0853.jpg\"><img loading=\"lazy\" class=\"alignnone wp-image-98479 img-responsive center-block\" src=\"https:\/\/www.mendoza.gov.ar\/prensa\/wp-content\/uploads\/sites\/23\/asuncion-boiero_MG_0853.jpg\" alt=\"\" width=\"650\" height=\"488\"><\/a><\/div>\n<div><\/div>\n<div id=\"m_8985458932708148305yui_3_16_0_ym19_1_1501698534803_4579\"><strong>Continuidad de los proyectos<\/strong><\/div>\n<div id=\"m_8985458932708148305yui_3_16_0_ym19_1_1501698534803_4581\">\n<p>En su discurso, el licenciado Vergara destac&oacute; al Hospital del Carmen como una herramienta poderosa e importante para OSEP y se refiri&oacute;, tambi&eacute;n, al fortalecimiento de servicios.&nbsp;En ese sentido, remarc&oacute; que se est&aacute;n llevando a cabo una serie de obras para mejorar la infraestructura del nosocomio y es un esfuerzo de la gesti&oacute;n que presidi&oacute; Liliana Cammi, la directora saliente.<\/p>\n<p>El titular de OSEP anunci&oacute; adem&aacute;s la posibilidad de la construcci&oacute;n de un nuevo hospital, proyecto que cuenta con el acompa&ntilde;amiento del Gobierno y el Ministerio de Salud de la provincia.<\/p>\n<\/div>\n<\/body><\/html>\n","protected":false},"excerpt":{"rendered":"Se trata del doctor Oscar Boiero, de amplia trayectoria en el \u00e1mbito de la salud provincial. El acto se realiz\u00f3 esta ma\u00f1ana en la explanada del edificio Ayacahuina. ","protected":false},"author":2,"featured_media":98478,"comment_status":"open","ping_status":"open","sticky":false,"template":"","format":"standard","meta":[],"categories":[30],"tags":[],"_links":{"self":[{"href":"https:\/\/www.mendoza.gov.ar\/prensa\/wp-json\/wp\/v2\/posts\/98476"}],"collection":[{"href":"https:\/\/www.mendoza.gov.ar\/prensa\/wp-json\/wp\/v2\/posts"}],"about":[{"href":"https:\/\/www.mendoza.gov.ar\/prensa\/wp-json\/wp\/v2\/types\/post"}],"author":[{"embeddable":true,"href":"https:\/\/www.mendoza.gov.ar\/prensa\/wp-json\/wp\/v2\/users\/2"}],"replies":[{"embeddable":true,"href":"https:\/\/www.mendoza.gov.ar\/prensa\/wp-json\/wp\/v2\/comments?post=98476"}],"version-history":[{"count":0,"href":"https:\/\/www.mendoza.gov.ar\/prensa\/wp-json\/wp\/v2\/posts\/98476\/revisions"}],"wp:featuredmedia":[{"embeddable":true,"href":"https:\/\/www.mendoza.gov.ar\/prensa\/wp-json\/wp\/v2\/media\/98478"}],"wp:attachment":[{"href":"https:\/\/www.mendoza.gov.ar\/prensa\/wp-json\/wp\/v2\/media?parent=98476"}],"wp:term":[{"taxonomy":"category","embeddable":true,"href":"https:\/\/www.mendoza.gov.ar\/prensa\/wp-json\/wp\/v2\/categories?post=98476"},{"taxonomy":"post_tag","embeddable":true,"href":"https:\/\/www.mendoza.gov.ar\/prensa\/wp-json\/wp\/v2\/tags?post=98476"}],"curies":[{"name":"wp","href":"https:\/\/api.w.org\/{rel}","templated":true}]}}