{"id":98510,"date":"2017-08-01T18:26:59","date_gmt":"2017-08-01T21:26:59","guid":{"rendered":"http:\/\/prensa.mendoza.gov.ar\/?p=98350"},"modified":"2017-08-01T18:26:59","modified_gmt":"2017-08-01T21:26:59","slug":"osep-ya-vive-la-semana-de-la-lactancia","status":"publish","type":"post","link":"https:\/\/www.mendoza.gov.ar\/prensa\/osep-ya-vive-la-semana-de-la-lactancia\/","title":{"rendered":"OSEP ya vive la Semana de la Lactancia"},"content":{"rendered":"<!DOCTYPE html PUBLIC \"-\/\/W3C\/\/DTD HTML 4.0 Transitional\/\/EN\" \"http:\/\/www.w3.org\/TR\/REC-html40\/loose.dtd\">\n<html><body><p>En el marco de la Semana Mundial de la Lactancia 2017, que se celebra del 1 al 7 de agosto, la Obra Social de Empleados P&uacute;blicos (OSEP) ofrece una serie de acciones destinadas a embarazadas, madres en etapa de amamantamiento y personas comprometidas con la crianza del beb&eacute;, quienes podr&aacute;n concurrir a talleres, charlas y muestras tanto en Gran Mendoza como en las sedes territoriales.<\/p>\n<p>Organizado por los programas Lo tomamos a pecho, Nacer en OSEP y Adolescencia, se llev&oacute; a cabo el primero de los encuentros, en horario del Taller de Preparaci&oacute;n Integral para la Maternidad, dirigido a adolescentes. Las asistentes se dieron cita en OSEP Xeltahuina, Salta 877, Ciudad, y compartieron una jornada muy interesante que tuvo la disertaci&oacute;n de las licenciadas Yemina Cabrera, Silvana Jaurrieta, Fabiana Ben&iacute;tez, Claudia Leiva y Ver&oacute;nica Moraga. Las profesionales hicieron hincapi&eacute; en mitos y realidades sobre la lactancia y preguntas frecuentes que suelen plantearse en el consultorio.<\/p>\n<p>Adem&aacute;s, disfrutaron de un n&uacute;mero art&iacute;stico a cargo del d&uacute;o de actores solidarios del hospital Fleming, <em>Emergencia de Sonrisas<\/em>.<\/p>\n<p><strong>M&aacute;s actividades<\/strong><\/p>\n<p><strong>OSEP Xeltahuina<\/strong><\/p>\n<p><strong>Mi&eacute;rcoles 2 de agosto<\/strong><\/p>\n<p>Actividad central:<\/p>\n<p>El encuentro est&aacute; destinado a madres y embarazadas. All&iacute; se abordar&aacute;n temas referidos a &ldquo;v&iacute;nculo y apego&rdquo; y disertar&aacute; la licenciada Jennifer Waldheim de Arizu, especialista en psicolog&iacute;a infantojuvenil del&nbsp;Hospital Humberto Notti y docente investigadora de la Universidad Cat&oacute;lica Argentina.<\/p>\n<p>Lugar: SUM I<\/p>\n<p><strong>General Alvear<\/strong><\/p>\n<p><strong>Mi&eacute;rcoles 2 de agosto<\/strong><\/p>\n<p>Honorable Concejo Deliberante<\/p>\n<p>Actividad abierta al p&uacute;blico, a cargo de licenciadas en obstetricia y nutrici&oacute;n.<\/p>\n<p><strong>San Rafael<\/strong><\/p>\n<p>Actividades en conjunto con el Hospital Teodoro Schestakow<\/p>\n<p>Charlas did&aacute;cticas de 19 a 20.30<\/p>\n<p><strong>Lunes 7 de agosto<\/strong><\/p>\n<p>&ldquo;Preparaci&oacute;n de las mamas y beneficios de la Lactancia Materna&rdquo;. Dra. Marisa Ortega, m&eacute;dica pediatra del Hospital Schestakow.<\/p>\n<p><strong>Mi&eacute;rcoles 9 de agosto<\/strong><\/p>\n<p>&ldquo;Posturas para amamantar y prevenci&oacute;n de patolog&iacute;as de la lactancia&rdquo;. Lic. Eugenia Sequeira.<\/p>\n<p><strong>Viernes 30 de agosto<\/strong><\/p>\n<p>&ldquo;Consejos &uacute;tiles de la lactancia materna y consejos de la Organizaci&oacute;n Mundial de la Salud&rdquo;. Proyecci&oacute;n de videos. Dra. &Eacute;rica Blanco, Dra. Marisa Ortega&nbsp;y Lic. Eugenia Sequeira.<\/p>\n<p><strong>Maip&uacute;<\/strong><\/p>\n<p><strong>Mi&eacute;rcoles 2 de agosto<\/strong><\/p>\n<p>Hora:18.30<\/p>\n<p>Taller de lactancia materna. Lic.Gisela Roselli.<\/p>\n<p><strong>Lavalle<\/strong><\/p>\n<p><strong>S&aacute;bado 5 de agosto<\/strong><\/p>\n<p>Hora: 10.30<\/p>\n<p>Taller de lactancia materna. Lic. Laura Dry.<\/p>\n<p>&nbsp;<\/p>\n<p><strong>Luj&aacute;n de Cuyo<\/strong><\/p>\n<p><strong>Mi&eacute;rcoles 2 de agosto<\/strong><\/p>\n<p>Hora: 9<\/p>\n<p>Taller de lactancia materna para el personal de la sede.<\/p>\n<p>Tema: &ldquo;Desterrando mitos&rdquo;. Dra. Patricia Ferrer y Lic. Fabiana Ben&iacute;tez.<\/p>\n<p><strong>Jueves 3 de agosto<\/strong><\/p>\n<p>Hora: 18.30<\/p>\n<p>Taller de lactancia materna. Lic. Gisela Roselli.<\/p>\n<\/body><\/html>\n","protected":false},"excerpt":{"rendered":"Bajo el lema \u201cUnidos por el bien com\u00fan, sin conflictos de inter\u00e9s\u201d, la Obra Social de Empleados P\u00fablicos comenz\u00f3 a desarrollar actividades destinadas a promover esta pr\u00e1ctica natural.\n\n","protected":false},"author":2,"featured_media":98351,"comment_status":"open","ping_status":"open","sticky":false,"template":"","format":"standard","meta":[],"categories":[30],"tags":[],"_links":{"self":[{"href":"https:\/\/www.mendoza.gov.ar\/prensa\/wp-json\/wp\/v2\/posts\/98510"}],"collection":[{"href":"https:\/\/www.mendoza.gov.ar\/prensa\/wp-json\/wp\/v2\/posts"}],"about":[{"href":"https:\/\/www.mendoza.gov.ar\/prensa\/wp-json\/wp\/v2\/types\/post"}],"author":[{"embeddable":true,"href":"https:\/\/www.mendoza.gov.ar\/prensa\/wp-json\/wp\/v2\/users\/2"}],"replies":[{"embeddable":true,"href":"https:\/\/www.mendoza.gov.ar\/prensa\/wp-json\/wp\/v2\/comments?post=98510"}],"version-history":[{"count":0,"href":"https:\/\/www.mendoza.gov.ar\/prensa\/wp-json\/wp\/v2\/posts\/98510\/revisions"}],"wp:featuredmedia":[{"embeddable":true,"href":"https:\/\/www.mendoza.gov.ar\/prensa\/wp-json\/wp\/v2\/media\/98351"}],"wp:attachment":[{"href":"https:\/\/www.mendoza.gov.ar\/prensa\/wp-json\/wp\/v2\/media?parent=98510"}],"wp:term":[{"taxonomy":"category","embeddable":true,"href":"https:\/\/www.mendoza.gov.ar\/prensa\/wp-json\/wp\/v2\/categories?post=98510"},{"taxonomy":"post_tag","embeddable":true,"href":"https:\/\/www.mendoza.gov.ar\/prensa\/wp-json\/wp\/v2\/tags?post=98510"}],"curies":[{"name":"wp","href":"https:\/\/api.w.org\/{rel}","templated":true}]}}