{"id":98572,"date":"2017-08-03T13:23:41","date_gmt":"2017-08-03T16:23:41","guid":{"rendered":"http:\/\/prensa.mendoza.gov.ar\/?p=98572"},"modified":"2017-08-03T13:23:41","modified_gmt":"2017-08-03T16:23:41","slug":"iniciativa-oficial-busca-avanzar-en-mejoras-para-el-sector-ajero","status":"publish","type":"post","link":"https:\/\/www.mendoza.gov.ar\/prensa\/iniciativa-oficial-busca-avanzar-en-mejoras-para-el-sector-ajero\/","title":{"rendered":"Iniciativa oficial busca avanzar en mejoras para el sector ajero"},"content":{"rendered":"<!DOCTYPE html PUBLIC \"-\/\/W3C\/\/DTD HTML 4.0 Transitional\/\/EN\" \"http:\/\/www.w3.org\/TR\/REC-html40\/loose.dtd\">\n<html><body><div id=\"m_6657548718280617226yui_3_16_0_ym19_1_1501759541543_71739\">La C&aacute;mara de Diputados de la provincia dio media sanci&oacute;n a la modificaci&oacute;n de la Ley 6.832, que tiene como objetivo crear un fondo con recursos financieros privados (s&oacute;lo exportadores) para invertir en la investigaci&oacute;n de temas estrat&eacute;gicos del sector primario y secundario que devienen en mejoras de producci&oacute;n y empaque.<\/div>\n<div id=\"m_6657548718280617226yui_3_16_0_ym19_1_1501759541543_71740\"><\/div>\n<div id=\"m_6657548718280617226yui_3_16_0_ym19_1_1501759541543_71741\">Con esta reforma, el organismo se tornar&iacute;a m&aacute;s eficiente promoviendo la producci&oacute;n, la competitividad, la promoci&oacute;n del ajo y sus derivados, adem&aacute;s de coordinar las acciones y desarrollar estrategias de mediano y largo plazo para el crecimiento econ&oacute;mico del sector.<\/div>\n<div id=\"m_6657548718280617226yui_3_16_0_ym19_1_1501759541543_71742\"><\/div>\n<div id=\"m_6657548718280617226yui_3_16_0_ym19_1_1501759541543_71743\">La norma, aprobada por la C&aacute;mara Baja, modifica el art&iacute;culo 3&deg; que estipula que el patrimonio del FIDA se constituir&aacute; con una contribuci&oacute;n obligatoria impuesta a los establecimientos empacadores de ajo, inscriptos en el ISCAMEN, cuyo valor decidir&aacute; el Consejo con el voto de la mayor&iacute;a absoluta de sus miembros, previo al inicio de temporada estipulada el 1 de octubre de cada a&ntilde;o.<\/div>\n<div id=\"m_6657548718280617226yui_3_16_0_ym19_1_1501759541543_71744\"><\/div>\n<div id=\"m_6657548718280617226yui_3_16_0_ym19_1_1501759541543_71745\">El monto surgir&aacute; de un porcentaje del precio por cada kilogramo de ajo que se transporte fuera de la provincia, cualquiera sea su forma de empaque.<\/div>\n<div id=\"m_6657548718280617226yui_3_16_0_ym19_1_1501759541543_71746\"><\/div>\n<div id=\"m_6657548718280617226yui_3_16_0_ym19_1_1501759541543_71775\">En tanto, el art&iacute;culo 4&deg; establece, que el FIDA estar&aacute; administrado por un Consejo de Administraci&oacute;n presidido por un representante del sector privado que tendr&aacute; a su cargo el manejo de los recursos previstos en la presente ley y otros cuatro miembros tambi&eacute;n de ese sector pero designados por el procedimiento que establezca el Poder Ejecutivo a propuesta de la entidad m&aacute;s representativa.<\/div>\n<div id=\"m_6657548718280617226yui_3_16_0_ym19_1_1501759541543_71776\"><\/div>\n<div id=\"m_6657548718280617226yui_3_16_0_ym19_1_1501759541543_71778\">Del total de los miembros, tres deber&aacute;n ser socios de la entidad m&aacute;s representativa del sector y el cuarto en representaci&oacute;n de los galpones de empaques independientes, registrados y habilitados en el ISCAMEN.<\/div>\n<div id=\"m_6657548718280617226yui_3_16_0_ym19_1_1501759541543_71780\"><\/div>\n<div id=\"m_6657548718280617226yui_3_16_0_ym19_1_1501759541543_71781\">Tambi&eacute;n tendr&aacute; un representante del ISCAMEN, uno del Instituto Nacional de Tecnolog&iacute;a Agropecuaria (INTA), un representante del Ministerio de Econom&iacute;a, Infraestructura y Energ&iacute;a y un s&iacute;ndico, designado por el &nbsp;Ejecutivo provincial.<\/div>\n<\/body><\/html>\n","protected":false},"excerpt":{"rendered":"Diputados aprob\u00f3 la modificaci\u00f3n de la Ley que regula el Fondo de Integraci\u00f3n y Desarrollo del Ajo con el car\u00e1cter de persona jur\u00eddica de derecho p\u00fablico no estatal.","protected":false},"author":2,"featured_media":98574,"comment_status":"open","ping_status":"open","sticky":false,"template":"","format":"standard","meta":[],"categories":[1],"tags":[],"_links":{"self":[{"href":"https:\/\/www.mendoza.gov.ar\/prensa\/wp-json\/wp\/v2\/posts\/98572"}],"collection":[{"href":"https:\/\/www.mendoza.gov.ar\/prensa\/wp-json\/wp\/v2\/posts"}],"about":[{"href":"https:\/\/www.mendoza.gov.ar\/prensa\/wp-json\/wp\/v2\/types\/post"}],"author":[{"embeddable":true,"href":"https:\/\/www.mendoza.gov.ar\/prensa\/wp-json\/wp\/v2\/users\/2"}],"replies":[{"embeddable":true,"href":"https:\/\/www.mendoza.gov.ar\/prensa\/wp-json\/wp\/v2\/comments?post=98572"}],"version-history":[{"count":0,"href":"https:\/\/www.mendoza.gov.ar\/prensa\/wp-json\/wp\/v2\/posts\/98572\/revisions"}],"wp:featuredmedia":[{"embeddable":true,"href":"https:\/\/www.mendoza.gov.ar\/prensa\/wp-json\/wp\/v2\/media\/98574"}],"wp:attachment":[{"href":"https:\/\/www.mendoza.gov.ar\/prensa\/wp-json\/wp\/v2\/media?parent=98572"}],"wp:term":[{"taxonomy":"category","embeddable":true,"href":"https:\/\/www.mendoza.gov.ar\/prensa\/wp-json\/wp\/v2\/categories?post=98572"},{"taxonomy":"post_tag","embeddable":true,"href":"https:\/\/www.mendoza.gov.ar\/prensa\/wp-json\/wp\/v2\/tags?post=98572"}],"curies":[{"name":"wp","href":"https:\/\/api.w.org\/{rel}","templated":true}]}}