{"id":98673,"date":"2017-08-04T11:48:26","date_gmt":"2017-08-04T14:48:26","guid":{"rendered":"http:\/\/prensa.mendoza.gov.ar\/?p=98673"},"modified":"2017-08-04T11:48:26","modified_gmt":"2017-08-04T14:48:26","slug":"seminario-taller-prescripcion-racional-de-psicofarmacos-en-la-poblacion-argentina","status":"publish","type":"post","link":"https:\/\/www.mendoza.gov.ar\/prensa\/seminario-taller-prescripcion-racional-de-psicofarmacos-en-la-poblacion-argentina\/","title":{"rendered":"Seminario taller: prescripci\u00f3n racional de psicof\u00e1rmacos en la poblaci\u00f3n argentina"},"content":{"rendered":"<!DOCTYPE html PUBLIC \"-\/\/W3C\/\/DTD HTML 4.0 Transitional\/\/EN\" \"http:\/\/www.w3.org\/TR\/REC-html40\/loose.dtd\">\n<html><body><div id=\"m_8257842269247088610yui_3_16_0_ym19_1_1501856020726_2799\">El Seminario Taller de Uso Racional de Psicof&aacute;rmacos&nbsp;se desarrollar&aacute; el &nbsp;mi&eacute;rcoles 9, a partir de las 8, en el edificio de OSEP, Salta 898, esquina Vicente L&oacute;pez, Ciudad. Es organizado por la Obra Social de Empleados P&uacute;blicos de Mendoza (OSEP) y la Universidad Juan Agust&iacute;n Maza.<\/div>\n<div><\/div>\n<div>Los interesados deben inscribirse, sin costo, enviando un correo electr&oacute;nico a&nbsp;apoliticademedicamentos@osep.mendoza.gov.ar.<\/div>\n<p>Esta propuesta de trabajo busca construir acciones para el uso racional de los medicamentos, mejorar sus procesos de administraci&oacute;n e intercambiar experiencias.<\/p>\n<p>En el encuentro se desarrollar&aacute;n los siguientes temas:<\/p>\n<ul>\n<li>Uso racional de medicamentos y psicof&aacute;rmacos.<\/li>\n<li>Modelos prescriptivos.<\/li>\n<li>Testimonio del usuario.<\/li>\n<li>Deshabituaci&oacute;n.<\/li>\n<li>Costos de la no calidad.<\/li>\n<\/ul>\n<\/body><\/html>\n","protected":false},"excerpt":{"rendered":"Lo organizan la Obra Social de Empleados P\u00fablicos de Mendoza y la Universidad Juan Agust\u00edn Maza y est\u00e1 destinado a profesionales de la salud del sector p\u00fablico y privado.","protected":false},"author":2,"featured_media":0,"comment_status":"open","ping_status":"open","sticky":false,"template":"","format":"standard","meta":[],"categories":[30],"tags":[],"_links":{"self":[{"href":"https:\/\/www.mendoza.gov.ar\/prensa\/wp-json\/wp\/v2\/posts\/98673"}],"collection":[{"href":"https:\/\/www.mendoza.gov.ar\/prensa\/wp-json\/wp\/v2\/posts"}],"about":[{"href":"https:\/\/www.mendoza.gov.ar\/prensa\/wp-json\/wp\/v2\/types\/post"}],"author":[{"embeddable":true,"href":"https:\/\/www.mendoza.gov.ar\/prensa\/wp-json\/wp\/v2\/users\/2"}],"replies":[{"embeddable":true,"href":"https:\/\/www.mendoza.gov.ar\/prensa\/wp-json\/wp\/v2\/comments?post=98673"}],"version-history":[{"count":0,"href":"https:\/\/www.mendoza.gov.ar\/prensa\/wp-json\/wp\/v2\/posts\/98673\/revisions"}],"wp:attachment":[{"href":"https:\/\/www.mendoza.gov.ar\/prensa\/wp-json\/wp\/v2\/media?parent=98673"}],"wp:term":[{"taxonomy":"category","embeddable":true,"href":"https:\/\/www.mendoza.gov.ar\/prensa\/wp-json\/wp\/v2\/categories?post=98673"},{"taxonomy":"post_tag","embeddable":true,"href":"https:\/\/www.mendoza.gov.ar\/prensa\/wp-json\/wp\/v2\/tags?post=98673"}],"curies":[{"name":"wp","href":"https:\/\/api.w.org\/{rel}","templated":true}]}}