{"id":98725,"date":"2017-08-04T12:49:12","date_gmt":"2017-08-04T15:49:12","guid":{"rendered":"http:\/\/prensa.mendoza.gov.ar\/?p=98725"},"modified":"2017-08-04T12:49:12","modified_gmt":"2017-08-04T15:49:12","slug":"con-la-compra-de-difusores-avanza-el-combate-contra-la-lobesia-botrana","status":"publish","type":"post","link":"https:\/\/www.mendoza.gov.ar\/prensa\/con-la-compra-de-difusores-avanza-el-combate-contra-la-lobesia-botrana\/","title":{"rendered":"Con la compra de difusores, avanza el combate contra la\u00a0Lobesia botrana\u00a0"},"content":{"rendered":"<!DOCTYPE html PUBLIC \"-\/\/W3C\/\/DTD HTML 4.0 Transitional\/\/EN\" \"http:\/\/www.w3.org\/TR\/REC-html40\/loose.dtd\">\n<html><body><div id=\"m_-7269470764082151456yiv7066222867\">\n<div id=\"m_-7269470764082151456yui_3_16_0_ym19_1_1501860311686_5559\">\n<div id=\"m_-7269470764082151456yui_3_16_0_ym19_1_1501860311686_5558\">\n<div id=\"m_-7269470764082151456yui_3_16_0_ym19_1_1501860311686_5557\" class=\"m_-7269470764082151456yiv7066222867qtdSeparateBR\">A trav&eacute;s de la Decisi&oacute;n Administrativa 573\/2017, la Naci&oacute;n autoriz&oacute; la adjudicaci&oacute;n de la Licitaci&oacute;n P&uacute;blica N&deg; 6\/2017, que fija la compra de feromonas para la implementaci&oacute;n de la T&eacute;cnica de Confusi&oacute;n Sexual para polilla de la vid.<\/div>\n<div class=\"m_-7269470764082151456yiv7066222867qtdSeparateBR\"><\/div>\n<div class=\"m_-7269470764082151456yiv7066222867qtdSeparateBR\">Para esta primera etapa, los fondos contemplan la adquisici&oacute;n de difusores de feromona, como parte de las diversas herramientas combinadas de control que se dispondr&aacute;n para esta&nbsp;temporada. En Mendoza, adem&aacute;s de las feromonas, se combinar&aacute;n herramientas para su control en las 130.000 hect&aacute;reas inscriptas para el operativo de control 2017.<\/div>\n<\/div>\n<\/div>\n<\/div>\n<div id=\"m_-7269470764082151456yui_3_16_0_ym19_1_1501860311686_5552\" class=\"m_-7269470764082151456.yiv7066222867yahoo_quoted\">\n<div id=\"m_-7269470764082151456yiv7066222867yui_3_16_0_ym19_1_1501759541543_123414\">\n<div id=\"m_-7269470764082151456yiv7066222867yui_3_16_0_ym19_1_1501759541543_123413\">\n<div id=\"m_-7269470764082151456yiv7066222867yui_3_16_0_ym19_1_1501759541543_123424\" class=\"m_-7269470764082151456yiv7066222867y_msg_container\">\n<div id=\"m_-7269470764082151456yiv7066222867\">\n<div id=\"m_-7269470764082151456yiv7066222867yui_3_16_0_ym19_1_1501759541543_123423\">\n<div id=\"m_-7269470764082151456yiv7066222867yui_3_16_0_ym19_1_1501759541543_123422\" class=\"m_-7269470764082151456yiv7066222867Section1\">\n<div id=\"m_-7269470764082151456yiv7066222867yqtfd62425\" class=\"m_-7269470764082151456yiv7066222867yqt8068821524\">\n<div id=\"m_-7269470764082151456yiv7066222867yui_3_16_0_ym19_1_1501759541543_124727\" class=\"m_-7269470764082151456yiv7066222867MsoNormal\"><\/div>\n<div id=\"m_-7269470764082151456yiv7066222867yui_3_16_0_ym19_1_1501759541543_124729\" class=\"m_-7269470764082151456yiv7066222867MsoNormal\"><span id=\"m_-7269470764082151456yiv7066222867yui_3_16_0_ym19_1_1501759541543_124728\">A nivel local, el Iscamen, en coordinaci&oacute;n con el Senasa y representantes de entidades vitivin&iacute;colas, trabaja en la log&iacute;stica de entrega de los insumos con el fin abastecer a los&nbsp;productores.<\/span><\/div>\n<div id=\"m_-7269470764082151456yiv7066222867yui_3_16_0_ym19_1_1501759541543_124731\" class=\"m_-7269470764082151456yiv7066222867MsoNormal\"><\/div>\n<div id=\"m_-7269470764082151456yiv7066222867yui_3_16_0_ym19_1_1501759541543_124731\" class=\"m_-7269470764082151456yiv7066222867MsoNormal\"><span id=\"m_-7269470764082151456yiv7066222867yui_3_16_0_ym19_1_1501759541543_124730\">Durante la &uacute;ltima reuni&oacute;n del Comit&eacute; T&eacute;cnico\/Asesor para el combate de la plaga, donde participan organismos p&uacute;blicos y privados, se adelant&oacute; el esquema de trabajo para el pr&oacute;ximo bimestre. La estrategia de control, adem&aacute;s, contempla el combate en propiedades no inscriptas y en condici&oacute;n de semiabandono.<\/span><\/div>\n<div id=\"m_-7269470764082151456yiv7066222867yui_3_16_0_ym19_1_1501759541543_125243\" class=\"m_-7269470764082151456yiv7066222867MsoNormal\"><\/div>\n<div id=\"m_-7269470764082151456yiv7066222867yui_3_16_0_ym19_1_1501759541543_125245\" class=\"m_-7269470764082151456yiv7066222867MsoNormal\"><span id=\"m_-7269470764082151456yiv7066222867yui_3_16_0_ym19_1_1501759541543_125244\">En la ocasi&oacute;n, con la premisa de implementar un Manejo Integrado de la Plaga, se brind&oacute; detalle de las herramientas a utilizar. De esta manera, se dispondr&aacute; de insumos para la implementaci&oacute;n de la T&eacute;cnica de Confusi&oacute;n Sexual, aplicaciones a&eacute;reas con feromona asperjable y utilizaci&oacute;n de agroqu&iacute;micos espec&iacute;ficos de bajo impacto ambiental.<\/span><\/div>\n<div id=\"m_-7269470764082151456yiv7066222867yui_3_16_0_ym19_1_1501759541543_125246\" class=\"m_-7269470764082151456yiv7066222867MsoNormal\"><\/div>\n<div id=\"m_-7269470764082151456yiv7066222867yui_3_16_0_ym19_1_1501759541543_125248\" class=\"m_-7269470764082151456yiv7066222867MsoNormal\"><span id=\"m_-7269470764082151456yui_3_16_0_ym19_1_1501860311686_5568\">Lobesia botrana<\/span><span id=\"m_-7269470764082151456yiv7066222867yui_3_16_0_ym19_1_1501759541543_125247\">&nbsp;es una plaga que ataca principalmente el cultivo de la vid, por ello se la conoce com&uacute;nmente como &ldquo;polilla de la vid&rdquo;. Produce da&ntilde;os directos&nbsp;y provoca p&eacute;rdidas en los vol&uacute;menes de producci&oacute;n&nbsp;y menor rendimiento por planta. Afecta adem&aacute;s la calidad de la fruta, tanto para consumo en fresco como para vinificaci&oacute;n.<\/span><\/div>\n<\/div>\n<\/div>\n<\/div>\n<\/div>\n<\/div>\n<\/div>\n<\/div>\n<\/div>\n<\/body><\/html>\n","protected":false},"excerpt":{"rendered":"El Ministerio de Agroindustria, junto a la Jefatura de Gabinete de la Naci\u00f3n, aprobaron el desembolso de casi $190 millones para iniciar la erradicaci\u00f3n de la plaga, presente desde hace seis a\u00f1os.","protected":false},"author":2,"featured_media":98727,"comment_status":"open","ping_status":"open","sticky":false,"template":"","format":"standard","meta":[],"categories":[1],"tags":[],"_links":{"self":[{"href":"https:\/\/www.mendoza.gov.ar\/prensa\/wp-json\/wp\/v2\/posts\/98725"}],"collection":[{"href":"https:\/\/www.mendoza.gov.ar\/prensa\/wp-json\/wp\/v2\/posts"}],"about":[{"href":"https:\/\/www.mendoza.gov.ar\/prensa\/wp-json\/wp\/v2\/types\/post"}],"author":[{"embeddable":true,"href":"https:\/\/www.mendoza.gov.ar\/prensa\/wp-json\/wp\/v2\/users\/2"}],"replies":[{"embeddable":true,"href":"https:\/\/www.mendoza.gov.ar\/prensa\/wp-json\/wp\/v2\/comments?post=98725"}],"version-history":[{"count":0,"href":"https:\/\/www.mendoza.gov.ar\/prensa\/wp-json\/wp\/v2\/posts\/98725\/revisions"}],"wp:featuredmedia":[{"embeddable":true,"href":"https:\/\/www.mendoza.gov.ar\/prensa\/wp-json\/wp\/v2\/media\/98727"}],"wp:attachment":[{"href":"https:\/\/www.mendoza.gov.ar\/prensa\/wp-json\/wp\/v2\/media?parent=98725"}],"wp:term":[{"taxonomy":"category","embeddable":true,"href":"https:\/\/www.mendoza.gov.ar\/prensa\/wp-json\/wp\/v2\/categories?post=98725"},{"taxonomy":"post_tag","embeddable":true,"href":"https:\/\/www.mendoza.gov.ar\/prensa\/wp-json\/wp\/v2\/tags?post=98725"}],"curies":[{"name":"wp","href":"https:\/\/api.w.org\/{rel}","templated":true}]}}