{"id":98828,"date":"2017-08-04T17:29:53","date_gmt":"2017-08-04T20:29:53","guid":{"rendered":"http:\/\/prensa.mendoza.gov.ar\/?p=98828"},"modified":"2017-08-04T17:29:53","modified_gmt":"2017-08-04T20:29:53","slug":"campana-de-prevencion-sacale-la-lengua-al-cancer","status":"publish","type":"post","link":"https:\/\/www.mendoza.gov.ar\/prensa\/campana-de-prevencion-sacale-la-lengua-al-cancer\/","title":{"rendered":"Campa\u00f1a de prevenci\u00f3n &#8220;Sacale la lengua al c\u00e1ncer&#8221;"},"content":{"rendered":"<!DOCTYPE html PUBLIC \"-\/\/W3C\/\/DTD HTML 4.0 Transitional\/\/EN\" \"http:\/\/www.w3.org\/TR\/REC-html40\/loose.dtd\">\n<html><body><p>La Obra Social de Empleados P&uacute;blicos (OSEP) lanza la campa&ntilde;a preventiva &ldquo;Sacale la lengua al c&aacute;ncer&rdquo;, del 7 al 11 de agosto. La iniciativa es organizada por el Centro Odontol&oacute;gico de la obra social, a trav&eacute;s del Servicio de Estomatolog&iacute;a y la Residencia en Odontolog&iacute;a Preventiva y Social. Las actividades consisten en un examen bucal y asesoramiento de profesionales odont&oacute;logos en los siguientes lugares:<\/p>\n<p>&ndash; Centro Odontol&oacute;gico OSEP, Per&uacute; 1258, Ciudad.<\/p>\n<p>&ndash; Sedes de OSEP en el territorio provincial.<\/p>\n<p>&ndash; Hospital El Carmen (Servicio de Cirug&iacute;a Maxilofacial), Joaqu&iacute;n V. Gonz&aacute;lez 245, Godoy Cruz.<\/p>\n<p>&ndash; Carpa preventiva abierta a la comunidad, plaza Independencia, Patricias Mendocinas frente a la Legislatura.<\/p>\n<p><strong>&iquest;Qu&eacute; es el c&aacute;ncer bucal?<\/strong><\/p>\n<p>Es una enfermedad causada por un crecimiento anormal de c&eacute;lulas en la boca. En ocasiones puede generar met&aacute;stasis, es muy invasivo y, si no es&nbsp;detectado a tiempo, su pron&oacute;stico es malo. Puede localizarse en cualquier parte de la boca: lengua, labios, piso de la boca, paladar, enc&iacute;as y\/o mejillas. No duele, en su comienzo, y generalmente s&oacute;lo ocasiona m&iacute;nimas molestias.<\/p>\n<p><strong>&iquest;Qu&eacute; es anormal y debe llamar la atenci&oacute;n?<\/strong><\/p>\n<ul>\n<li>Heridas o &uacute;lceras que no curan en 10 d&iacute;as.<\/li>\n<li>Manchas blancas, rojas, marrones o negras que no se desprenden.<\/li>\n<li>Cambios de forma y tama&ntilde;o.<\/li>\n<li>Dificultad para tragar, hablar, abrir la boca, masticar o mover la lengua.<\/li>\n<li>Aumento de volumen en boca y\/o cuello.<\/li>\n<li>P&eacute;rdida espont&aacute;nea de un diente.<\/li>\n<li>Hemorragias espont&aacute;neas.<\/li>\n<\/ul>\n<p><strong>&iquest;C&oacute;mo puede prevenirse?<\/strong><\/p>\n<ul>\n<li>Evitar el consumo de tabaco.<\/li>\n<li>Reducir el consumo alcohol.<\/li>\n<li>Protegerse de la exposici&oacute;n al sol.<\/li>\n<li>Mantener una buena higiene oral.<\/li>\n<li>Detectar y eliminar irritantes locales (pr&oacute;tesis mal adaptadas, dientes filosos o restauraciones).<\/li>\n<li>Visitar peri&oacute;dicamente al odont&oacute;logo.<\/li>\n<\/ul>\n<p>Si se detecta una lesi&oacute;n sospechosa, hay que consultar inmediatamente al odont&oacute;logo.<\/p>\n<p>Consultas:&nbsp;Fabio Sansone 261 5089155.<\/p>\n<\/body><\/html>\n","protected":false},"excerpt":{"rendered":"La semana pr\u00f3xima, del 7 al 11 de agosto, se llevar\u00e1 a cabo la campa\u00f1a de prevenci\u00f3n y detecci\u00f3n de c\u00e1ncer bucal de la Obra Social de Empleados P\u00fablicos.","protected":false},"author":2,"featured_media":98830,"comment_status":"open","ping_status":"open","sticky":false,"template":"","format":"standard","meta":[],"categories":[30],"tags":[],"_links":{"self":[{"href":"https:\/\/www.mendoza.gov.ar\/prensa\/wp-json\/wp\/v2\/posts\/98828"}],"collection":[{"href":"https:\/\/www.mendoza.gov.ar\/prensa\/wp-json\/wp\/v2\/posts"}],"about":[{"href":"https:\/\/www.mendoza.gov.ar\/prensa\/wp-json\/wp\/v2\/types\/post"}],"author":[{"embeddable":true,"href":"https:\/\/www.mendoza.gov.ar\/prensa\/wp-json\/wp\/v2\/users\/2"}],"replies":[{"embeddable":true,"href":"https:\/\/www.mendoza.gov.ar\/prensa\/wp-json\/wp\/v2\/comments?post=98828"}],"version-history":[{"count":0,"href":"https:\/\/www.mendoza.gov.ar\/prensa\/wp-json\/wp\/v2\/posts\/98828\/revisions"}],"wp:featuredmedia":[{"embeddable":true,"href":"https:\/\/www.mendoza.gov.ar\/prensa\/wp-json\/wp\/v2\/media\/98830"}],"wp:attachment":[{"href":"https:\/\/www.mendoza.gov.ar\/prensa\/wp-json\/wp\/v2\/media?parent=98828"}],"wp:term":[{"taxonomy":"category","embeddable":true,"href":"https:\/\/www.mendoza.gov.ar\/prensa\/wp-json\/wp\/v2\/categories?post=98828"},{"taxonomy":"post_tag","embeddable":true,"href":"https:\/\/www.mendoza.gov.ar\/prensa\/wp-json\/wp\/v2\/tags?post=98828"}],"curies":[{"name":"wp","href":"https:\/\/api.w.org\/{rel}","templated":true}]}}