{"id":9888,"date":"2012-01-09T00:00:00","date_gmt":"2012-01-09T00:00:00","guid":{"rendered":"http:\/\/prensa.wp2.mendoza.gov.ar\/?p=9888"},"modified":"2012-01-09T00:00:00","modified_gmt":"2012-01-09T00:00:00","slug":"dora-de-marinis-sera-la-directora-de-musica-clasica-por-los-caminos-del-vino","status":"publish","type":"post","link":"https:\/\/www.mendoza.gov.ar\/prensa\/dora-de-marinis-sera-la-directora-de-musica-clasica-por-los-caminos-del-vino\/","title":{"rendered":"Dora De Marinis ser\u00e1 la directora de M\u00fasica Cl\u00e1sica por los Caminos del Vino"},"content":{"rendered":"<!DOCTYPE html PUBLIC \"-\/\/W3C\/\/DTD HTML 4.0 Transitional\/\/EN\" \"http:\/\/www.w3.org\/TR\/REC-html40\/loose.dtd\">\n<html><body><p>Consolidado en la agenda musical nacional e internacional, el festival M&uacute;sica Cl&aacute;sica por los Caminos del Vino est&aacute; cumpliendo doce a&ntilde;os. Miles de mendocinos y turistas disfrutan cada a&ntilde;o de los placeres de la m&uacute;sica cl&aacute;sica, los paisajes y el bueno vino.<\/p>\n<p>Circuitos tur&iacute;sticos, sitios patrimoniales, bodegas, plazas, iglesias y capillas se constituyen en los escenarios ideales para que artistas locales, del pa&iacute;s y del mundo desplieguen todo su talento.<\/p>\n<p><strong>La Direcci&oacute;n Art&iacute;stica<\/strong><\/p>\n<p>Dora de Marinis es actualmente miembro de la Academia Nacional de Bellas Artes. Recibi&oacute; el diploma al M&eacute;rito por su trayectoria pedag&oacute;gica de la d&eacute;cada otorgado por la Fundaci&oacute;n Konex. Su labor art&iacute;stica incluye numerosos conciertos, adem&aacute;s de una intensa tarea pedag&oacute;gica y de investigaci&oacute;n desarrollada en la Universidad Nacional de Cuyo. Cre&oacute; y dirigi&oacute; la Maestr&iacute;a en Interpretaci&oacute;n de M&uacute;sica Latinoamericana del Siglo XX. Presidi&oacute; Congreso internacionales dedicado a esta tem&aacute;tica. Sus Cds, dedicados exclusivamente a la m&uacute;sica argentina para piano, han sido premiados y distinguidos por la cr&iacute;tica especializada nacional y extranjera.<\/p>\n<\/body><\/html>\n","protected":false},"excerpt":{"rendered":"Consolidado en la agenda musical nacional e internacional, el festival M&uacute;sica Cl&aacute;sica por los Caminos del Vino est&aacute; cumpliendo doce a&ntilde;os. Miles de mendocinos y turistas disfrutan cada a&ntilde;o de los placeres de la m&uacute;sica cl&aacute;sica, los paisajes y el bueno vino. Circuitos tur&iacute;sticos, sitios patrimoniales, bodegas, plazas, iglesias y capillas se constituyen en los&#8230; <a class=\"view-article\" href=\"https:\/\/www.mendoza.gov.ar\/prensa\/dora-de-marinis-sera-la-directora-de-musica-clasica-por-los-caminos-del-vino\/\"><\/a>","protected":false},"author":3,"featured_media":0,"comment_status":"closed","ping_status":"open","sticky":false,"template":"","format":"standard","meta":[],"categories":[8],"tags":[],"_links":{"self":[{"href":"https:\/\/www.mendoza.gov.ar\/prensa\/wp-json\/wp\/v2\/posts\/9888"}],"collection":[{"href":"https:\/\/www.mendoza.gov.ar\/prensa\/wp-json\/wp\/v2\/posts"}],"about":[{"href":"https:\/\/www.mendoza.gov.ar\/prensa\/wp-json\/wp\/v2\/types\/post"}],"author":[{"embeddable":true,"href":"https:\/\/www.mendoza.gov.ar\/prensa\/wp-json\/wp\/v2\/users\/3"}],"replies":[{"embeddable":true,"href":"https:\/\/www.mendoza.gov.ar\/prensa\/wp-json\/wp\/v2\/comments?post=9888"}],"version-history":[{"count":0,"href":"https:\/\/www.mendoza.gov.ar\/prensa\/wp-json\/wp\/v2\/posts\/9888\/revisions"}],"wp:attachment":[{"href":"https:\/\/www.mendoza.gov.ar\/prensa\/wp-json\/wp\/v2\/media?parent=9888"}],"wp:term":[{"taxonomy":"category","embeddable":true,"href":"https:\/\/www.mendoza.gov.ar\/prensa\/wp-json\/wp\/v2\/categories?post=9888"},{"taxonomy":"post_tag","embeddable":true,"href":"https:\/\/www.mendoza.gov.ar\/prensa\/wp-json\/wp\/v2\/tags?post=9888"}],"curies":[{"name":"wp","href":"https:\/\/api.w.org\/{rel}","templated":true}]}}