{"id":98955,"date":"2017-08-07T08:37:29","date_gmt":"2017-08-07T11:37:29","guid":{"rendered":"http:\/\/prensa.mendoza.gov.ar\/?p=98955"},"modified":"2017-08-07T08:37:29","modified_gmt":"2017-08-07T11:37:29","slug":"abren-inscripcion-para-comercializacion-de-uva-en-fresco-2","status":"publish","type":"post","link":"https:\/\/www.mendoza.gov.ar\/prensa\/abren-inscripcion-para-comercializacion-de-uva-en-fresco-2\/","title":{"rendered":"Abren inscripci\u00f3n para comercializaci\u00f3n de uva en fresco"},"content":{"rendered":"<!DOCTYPE html PUBLIC \"-\/\/W3C\/\/DTD HTML 4.0 Transitional\/\/EN\" \"http:\/\/www.w3.org\/TR\/REC-html40\/loose.dtd\">\n<html><body><div id=\"m_-7119182079131870459yiv5322428144\">\n<div id=\"m_-7119182079131870459yui_3_16_0_ym19_1_1501860311686_41236\">\n<div id=\"m_-7119182079131870459yui_3_16_0_ym19_1_1501860311686_41235\">\n<div id=\"m_-7119182079131870459yui_3_16_0_ym19_1_1501860311686_41234\" class=\"m_-7119182079131870459yiv5322428144qtdSeparateBR\">Hasta el 15 de agosto, el Servicio Nacional de Sanidad y Calidad Agroalimentaria (Senasa) realizar&aacute; la inscripci&oacute;n de los productores de uva en fresco de Mendoza en el Sistema de Medidas Integradas (SMI) que desean comercializar su producci&oacute;n en las provincias que no integran las regiones de la Patagonia, Cuyo y el Noroeste.<\/div>\n<\/div>\n<\/div>\n<\/div>\n<div id=\"m_-7119182079131870459yui_3_16_0_ym19_1_1501860311686_41232\" class=\"m_-7119182079131870459.yiv5322428144yahoo_quoted\">\n<div id=\"m_-7119182079131870459yiv5322428144yui_3_16_0_ym19_1_1501846145583_8693\">\n<div id=\"m_-7119182079131870459yiv5322428144yui_3_16_0_ym19_1_1501846145583_8692\">\n<div id=\"m_-7119182079131870459yiv5322428144yui_3_16_0_ym19_1_1501846145583_8691\" class=\"m_-7119182079131870459yiv5322428144y_msg_container\">\n<div id=\"m_-7119182079131870459yui_3_16_0_ym19_1_1501860311686_41233\" class=\"m_-7119182079131870459qtdSeparateBR\">Esta medida tiene el objetivo de evitar la dispersi&oacute;n de la polilla de la vid, en el marco del Programa Nacional de Prevenci&oacute;n y Erradicaci&oacute;n de&nbsp;Lobesia botrana, implementado por el Senasa.<\/div>\n<div id=\"m_-7119182079131870459yiv5322428144yqtfd84253\" class=\"m_-7119182079131870459yiv5322428144yqt5496106546\">\n<div id=\"m_-7119182079131870459yiv5322428144yui_3_16_0_ym19_1_1501846145583_8908\" dir=\"ltr\"><\/div>\n<div id=\"m_-7119182079131870459yiv5322428144yui_3_16_0_ym19_1_1501846145583_8815\" dir=\"ltr\">La inscripci&oacute;n en el SMI se llevar&aacute; a cabo en los siguientes puntos:<\/div>\n<div id=\"m_-7119182079131870459yiv5322428144yui_3_16_0_ym19_1_1501846145583_8816\" dir=\"ltr\"><\/div>\n<ul>\n<li id=\"m_-7119182079131870459yiv5322428144yui_3_16_0_ym19_1_1501846145583_8817\">Luj&aacute;n de Cuyo: De lunes a viernes, de 8.30 a 13.30, en el Centro de Operaciones de Campo del Senasa, en Azcu&eacute;naga 166.<\/li>\n<li id=\"m_-7119182079131870459yiv5322428144yui_3_16_0_ym19_1_1501846145583_8818\">Jun&iacute;n: De lunes a viernes, de 8.30 a 13.30, en la Agencia de Extensi&oacute;n Rural INTA, en Carril Isidoro Busquets, en La Colonia.<\/li>\n<li id=\"m_-7119182079131870459yiv5322428144yui_3_16_0_ym19_1_1501846145583_8826\">Lavalle: Los viernes, de 8.30 a 13, en la Asociaci&oacute;n de Inspecciones de Cauce Quinta Zona de Riego, El&iacute;as Medina 165, Costa de Araujo.<\/li>\n<li id=\"m_-7119182079131870459yiv5322428144yui_3_16_0_ym19_1_1501846145583_8827\">San Rafael: Los viernes, de 8 a 13, en la Oficina Senasa, Edison 157.<\/li>\n<li id=\"m_-7119182079131870459yiv5322428144yui_3_16_0_ym19_1_1501846145583_8833\">General Alvear: De lunes a viernes, de 8 a 13, en la Oficina Senasa, Diagonal Carlos Pellegrini y Flemming.<\/li>\n<\/ul>\n<div id=\"m_-7119182079131870459yiv5322428144yui_3_16_0_ym19_1_1501846145583_8834\" dir=\"ltr\">La documentaci&oacute;n requerida para los productores que se inscribieron en la temporada pasada es:<\/div>\n<div dir=\"ltr\"><\/div>\n<div id=\"m_-7119182079131870459yiv5322428144yui_3_16_0_ym19_1_1501846145583_10166\" dir=\"ltr\">* DNI del propietario, original y fotocopia. En el caso de no ser el titular (encargado, administrador, etc.), presentar adem&aacute;s la autorizaci&oacute;n y la fotocopia del DNI del responsable.<\/div>\n<div id=\"m_-7119182079131870459yiv5322428144yui_3_16_0_ym19_1_1501846145583_10167\" dir=\"ltr\">* Constancia de inscripci&oacute;n en el Renspa (Senasa) entregada en la temporada pasada.<\/div>\n<div id=\"m_-7119182079131870459yiv5322428144yui_3_16_0_ym19_1_1501846145583_10168\" dir=\"ltr\">* Declaraci&oacute;n Jurada de Destino de la Producci&oacute;n (Formulario 6), de car&aacute;cter excluyente para esta reinscripci&oacute;n.<\/div>\n<div id=\"m_-7119182079131870459yiv5322428144yui_3_16_0_ym19_1_1501846145583_9016\" dir=\"ltr\">* Para personas jur&iacute;dicas, presentar adem&aacute;s la nota de autorizaci&oacute;n de los propietarios, original y fotocopia del DNI del responsable que presenta la documentaci&oacute;n, constancia impresa del CUIT correspondiente a la raz&oacute;n social que figura en el Renspa.<\/div>\n<div id=\"m_-7119182079131870459yiv5322428144yui_3_16_0_ym19_1_1501846145583_9018\" dir=\"ltr\"><\/div>\n<div id=\"m_-7119182079131870459yiv5322428144yui_3_16_0_ym19_1_1501846145583_9019\" dir=\"ltr\">En el caso de inscribirse por primera vez como propietarios o sociedades, los interesados pueden comunicarse con el Centro de Operaciones de Campo para informarse sobre la documentaci&oacute;n solicitada. Los tel&eacute;fonos son 0261 4984131 \/ 4985011, y el correo electr&oacute;nico&nbsp;<a id=\"m_-7119182079131870459yiv5322428144yui_3_16_0_ym19_1_1501846145583_9021\" href=\"mailto:lobesiamendoza@senasa.gob.ar\" target=\"_blank\" rel=\"nofollow\">lobesiamendoza@senasa.gob.ar<\/a>.<\/div>\n<div dir=\"ltr\"><\/div>\n<div dir=\"ltr\">Los empaques, centros de distribuci&oacute;n y\/o frigor&iacute;ficos y fraccionadores que reciban uvas provenientes de establecimientos agr&iacute;colas habilitados por esta medida podr&aacute;n inscribirse hasta 15 d&iacute;as antes de recibir la fruta.<\/div>\n<\/div>\n<\/div>\n<\/div>\n<\/div>\n<\/div>\n<\/body><\/html>\n","protected":false},"excerpt":{"rendered":"Los productores deber\u00e1n registrarse en las oficinas del Senasa a trav\u00e9s del Sistema de Medidas Integradas. Es para quienes deseen comercializar el producto en los destinos no vit\u00edcolas del pa\u00eds.","protected":false},"author":2,"featured_media":98956,"comment_status":"open","ping_status":"open","sticky":false,"template":"","format":"standard","meta":[],"categories":[1],"tags":[],"_links":{"self":[{"href":"https:\/\/www.mendoza.gov.ar\/prensa\/wp-json\/wp\/v2\/posts\/98955"}],"collection":[{"href":"https:\/\/www.mendoza.gov.ar\/prensa\/wp-json\/wp\/v2\/posts"}],"about":[{"href":"https:\/\/www.mendoza.gov.ar\/prensa\/wp-json\/wp\/v2\/types\/post"}],"author":[{"embeddable":true,"href":"https:\/\/www.mendoza.gov.ar\/prensa\/wp-json\/wp\/v2\/users\/2"}],"replies":[{"embeddable":true,"href":"https:\/\/www.mendoza.gov.ar\/prensa\/wp-json\/wp\/v2\/comments?post=98955"}],"version-history":[{"count":0,"href":"https:\/\/www.mendoza.gov.ar\/prensa\/wp-json\/wp\/v2\/posts\/98955\/revisions"}],"wp:featuredmedia":[{"embeddable":true,"href":"https:\/\/www.mendoza.gov.ar\/prensa\/wp-json\/wp\/v2\/media\/98956"}],"wp:attachment":[{"href":"https:\/\/www.mendoza.gov.ar\/prensa\/wp-json\/wp\/v2\/media?parent=98955"}],"wp:term":[{"taxonomy":"category","embeddable":true,"href":"https:\/\/www.mendoza.gov.ar\/prensa\/wp-json\/wp\/v2\/categories?post=98955"},{"taxonomy":"post_tag","embeddable":true,"href":"https:\/\/www.mendoza.gov.ar\/prensa\/wp-json\/wp\/v2\/tags?post=98955"}],"curies":[{"name":"wp","href":"https:\/\/api.w.org\/{rel}","templated":true}]}}