{"id":98993,"date":"2017-08-07T11:50:01","date_gmt":"2017-08-07T14:50:01","guid":{"rendered":"http:\/\/prensa.mendoza.gov.ar\/?p=98993"},"modified":"2017-08-07T11:50:01","modified_gmt":"2017-08-07T14:50:01","slug":"el-sector-hotelero-dono-arboles-para-el-parque-general-san-martin","status":"publish","type":"post","link":"https:\/\/www.mendoza.gov.ar\/prensa\/el-sector-hotelero-dono-arboles-para-el-parque-general-san-martin\/","title":{"rendered":"El sector hotelero don\u00f3 \u00e1rboles\u00a0para el Parque General San Mart\u00edn"},"content":{"rendered":"<!DOCTYPE html PUBLIC \"-\/\/W3C\/\/DTD HTML 4.0 Transitional\/\/EN\" \"http:\/\/www.w3.org\/TR\/REC-html40\/loose.dtd\">\n<html><body><p>En el Mes del &Aacute;rbol y con motivo de la campa&ntilde;a de reforestaci&oacute;n del Parque&nbsp;General San Mart&iacute;n, la Secretar&iacute;a de Ambiente y Ordenamiento Territorial convoc&oacute; a organismos provinciales y nacionales a participar.<\/p>\n<p>La Asociaci&oacute;n de Hoteles de Turismo de la Rep&uacute;blica Argentina (AHT) don&oacute; ejemplares para plantar en varios puntos del parque, de acuerdo con el plan de reforestaci&oacute;n y seg&uacute;n lo establece la Ley Provincial 7874 de Arbolado P&uacute;blico.<\/p>\n<p>&ldquo;Con esta generosa donaci&oacute;n del sector hotelero, estamos&nbsp;comenzando&nbsp;una serie de aportes de instituciones, organizaciones de la sociedad civil, escuelas y familias mendocinas para que el proceso de reforestaci&oacute;n cuente con el compromiso colectivo. Por eso, la Secretar&iacute;a de Ambiente est&aacute; convocando a que el 19 de agosto, tambi&eacute;n la comunidad venga a aprender a plantar un &aacute;rbol y a formar parte de las acciones de mejoras para hacer un parque cada d&iacute;a m&aacute;s disfrutable&rdquo;, explic&oacute; el director de Parques y Paseos P&uacute;blicos, el arquitecto Ricardo Mariotti.<\/p>\n<p>Participaron del acto Aldo El&iacute;as &ndash;presidente de&nbsp;AHT&ndash; junto a otras autoridades nacionales del organismo que nuclea a los hoteles de 5 y 4 estrellas con presencia en Mendoza, como Hyatt, Sheraton, Intercontinental&nbsp;y Diplomatic, entre otros.<\/p>\n<p>Esta es la primera de una serie de donaciones que el parque recibir&aacute; como parte de su estrategia de reforestaci&oacute;n que se llevar&aacute; a cabo durante agosto, lapso en el que se cumplir&aacute; el objetivo de renovar los 715 ejemplares en mal estado que fueron extra&iacute;dos.<\/p>\n<p><a href=\"https:\/\/www.mendoza.gov.ar\/prensa\/wp-content\/uploads\/sites\/23\/IMG_4628.jpg\"><img loading=\"lazy\" class=\"alignnone wp-image-98997 img-responsive center-block\" src=\"https:\/\/www.mendoza.gov.ar\/prensa\/wp-content\/uploads\/sites\/23\/IMG_4628.jpg\" alt=\"\" width=\"650\" height=\"433\"><\/a><\/p>\n<\/body><\/html>\n","protected":false},"excerpt":{"rendered":"En el marco de la reforestaci\u00f3n del Parque General San Mart\u00edn y en el Mes del \u00c1rbol, la Asociaci\u00f3n de Hoteles de Turismo de la Rep\u00fablica Argentina don\u00f3 ejemplares.","protected":false},"author":2,"featured_media":98995,"comment_status":"open","ping_status":"open","sticky":false,"template":"","format":"standard","meta":[],"categories":[3],"tags":[],"_links":{"self":[{"href":"https:\/\/www.mendoza.gov.ar\/prensa\/wp-json\/wp\/v2\/posts\/98993"}],"collection":[{"href":"https:\/\/www.mendoza.gov.ar\/prensa\/wp-json\/wp\/v2\/posts"}],"about":[{"href":"https:\/\/www.mendoza.gov.ar\/prensa\/wp-json\/wp\/v2\/types\/post"}],"author":[{"embeddable":true,"href":"https:\/\/www.mendoza.gov.ar\/prensa\/wp-json\/wp\/v2\/users\/2"}],"replies":[{"embeddable":true,"href":"https:\/\/www.mendoza.gov.ar\/prensa\/wp-json\/wp\/v2\/comments?post=98993"}],"version-history":[{"count":0,"href":"https:\/\/www.mendoza.gov.ar\/prensa\/wp-json\/wp\/v2\/posts\/98993\/revisions"}],"wp:featuredmedia":[{"embeddable":true,"href":"https:\/\/www.mendoza.gov.ar\/prensa\/wp-json\/wp\/v2\/media\/98995"}],"wp:attachment":[{"href":"https:\/\/www.mendoza.gov.ar\/prensa\/wp-json\/wp\/v2\/media?parent=98993"}],"wp:term":[{"taxonomy":"category","embeddable":true,"href":"https:\/\/www.mendoza.gov.ar\/prensa\/wp-json\/wp\/v2\/categories?post=98993"},{"taxonomy":"post_tag","embeddable":true,"href":"https:\/\/www.mendoza.gov.ar\/prensa\/wp-json\/wp\/v2\/tags?post=98993"}],"curies":[{"name":"wp","href":"https:\/\/api.w.org\/{rel}","templated":true}]}}