{"id":99030,"date":"2017-08-07T17:28:18","date_gmt":"2017-08-07T20:28:18","guid":{"rendered":"http:\/\/prensa.mendoza.gov.ar\/?p=99030"},"modified":"2017-08-07T17:28:18","modified_gmt":"2017-08-07T20:28:18","slug":"comenzo-la-campana-nacional-sacale-la-lengua-al-cancer","status":"publish","type":"post","link":"https:\/\/www.mendoza.gov.ar\/prensa\/comenzo-la-campana-nacional-sacale-la-lengua-al-cancer\/","title":{"rendered":"Comenz\u00f3 la campa\u00f1a nacional \u201cSacale la lengua al c\u00e1ncer\u201d"},"content":{"rendered":"<!DOCTYPE html PUBLIC \"-\/\/W3C\/\/DTD HTML 4.0 Transitional\/\/EN\" \"http:\/\/www.w3.org\/TR\/REC-html40\/loose.dtd\">\n<html><body><p>La Obra Social de los Empleado P&uacute;blicos realiz&oacute; ex&aacute;menes bucales para detectar afecciones en la lengua que pueden derivar en c&aacute;ncer.<\/p>\n<p>La actividad tuvo lugar en la esquina de Patricias Mendocinas y Peatonal Sarmiento. Adem&aacute;s se sumaron el Centro Odontol&oacute;gico de Osep, Sedes departamentales y el Servicio de Cirug&iacute;a Maxilofacial del hospital del Carmen en Joaqu&iacute;n V. Gonz&aacute;lez 245 de Godoy Cruz.<\/p>\n<p>El paciente, en caso de no requerir una derivaci&oacute;n, se le brinda informaci&oacute;n necesaria para que realice el auto-examen oral, con el fin de que las personas sepan reconocer lesiones sospechosas, permitiendo as&iacute; el diagn&oacute;stico temprano y mejorando el pron&oacute;stico de esta enfermedad.<\/p>\n<p>&nbsp;<\/p>\n<p><strong>&nbsp;<\/strong><\/p>\n<p><strong>&nbsp;<\/strong><\/p>\n<\/body><\/html>\n","protected":false},"excerpt":{"rendered":"El objetivo de esta propuesta, es detectar des\u00f3rdenes potencialmente malignos y lograr el diagn\u00f3stico temprano del c\u00e1ncer de boca mediante el examen bucal.\n\n","protected":false},"author":2,"featured_media":99031,"comment_status":"open","ping_status":"open","sticky":false,"template":"","format":"standard","meta":[],"categories":[30],"tags":[],"_links":{"self":[{"href":"https:\/\/www.mendoza.gov.ar\/prensa\/wp-json\/wp\/v2\/posts\/99030"}],"collection":[{"href":"https:\/\/www.mendoza.gov.ar\/prensa\/wp-json\/wp\/v2\/posts"}],"about":[{"href":"https:\/\/www.mendoza.gov.ar\/prensa\/wp-json\/wp\/v2\/types\/post"}],"author":[{"embeddable":true,"href":"https:\/\/www.mendoza.gov.ar\/prensa\/wp-json\/wp\/v2\/users\/2"}],"replies":[{"embeddable":true,"href":"https:\/\/www.mendoza.gov.ar\/prensa\/wp-json\/wp\/v2\/comments?post=99030"}],"version-history":[{"count":0,"href":"https:\/\/www.mendoza.gov.ar\/prensa\/wp-json\/wp\/v2\/posts\/99030\/revisions"}],"wp:featuredmedia":[{"embeddable":true,"href":"https:\/\/www.mendoza.gov.ar\/prensa\/wp-json\/wp\/v2\/media\/99031"}],"wp:attachment":[{"href":"https:\/\/www.mendoza.gov.ar\/prensa\/wp-json\/wp\/v2\/media?parent=99030"}],"wp:term":[{"taxonomy":"category","embeddable":true,"href":"https:\/\/www.mendoza.gov.ar\/prensa\/wp-json\/wp\/v2\/categories?post=99030"},{"taxonomy":"post_tag","embeddable":true,"href":"https:\/\/www.mendoza.gov.ar\/prensa\/wp-json\/wp\/v2\/tags?post=99030"}],"curies":[{"name":"wp","href":"https:\/\/api.w.org\/{rel}","templated":true}]}}