{"id":99118,"date":"2017-08-08T12:35:48","date_gmt":"2017-08-08T15:35:48","guid":{"rendered":"http:\/\/prensa.mendoza.gov.ar\/?p=99118"},"modified":"2017-08-08T12:35:48","modified_gmt":"2017-08-08T15:35:48","slug":"ambiente-convoca-al-gran-festejo-del-dia-del-arbol","status":"publish","type":"post","link":"https:\/\/www.mendoza.gov.ar\/prensa\/ambiente-convoca-al-gran-festejo-del-dia-del-arbol\/","title":{"rendered":"Ambiente convoca al Gran Festejo del D\u00eda del \u00c1rbol"},"content":{"rendered":"<!DOCTYPE html PUBLIC \"-\/\/W3C\/\/DTD HTML 4.0 Transitional\/\/EN\" \"http:\/\/www.w3.org\/TR\/REC-html40\/loose.dtd\">\n<html><body><p>Con motivo del festejo del D&iacute;a Provincial del &Aacute;rbol, la Secretar&iacute;a de Ambiente y Ordenamiento Territorial convoca el s&aacute;bado 19, a partir de las 11, en el Prado Espa&ntilde;ol del Parque General San Mart&iacute;n a disfrutar la experiencia de plantar un &aacute;rbol en una jornada en la que, adem&aacute;s, est&aacute;n programados t&iacute;teres para ni&ntilde;os y m&uacute;sica en vivo.<\/p>\n<p>Este evento se realiza en el marco de la campa&ntilde;a de renovaci&oacute;n del arbolado del Parque General San Mart&iacute;n con el objetivo de generar o fortalecer &ndash;como lo establece la Ley Provincial 7874 de Arbolado Publico&ndash; la cultura del &aacute;rbol, poniendo en valor sus beneficios vinculados al ambiente y la calidad de vida.<\/p>\n<p>Dado que el D&iacute;a Provincial del &Aacute;rbol se celebra el 15 de agosto y el D&iacute;a Nacional del &Aacute;rbol es el 29, la Direcci&oacute;n de Recursos Naturales Renovables (DRNR) &ndash;a trav&eacute;s de sus distintas delegaciones en la provincia&ndash; ha previsto actividades de forestaci&oacute;n y campa&ntilde;as educativas a lo largo del mes.<\/p>\n<p><strong>Plan de Forestaci&oacute;n Urbana en General Alvear <\/strong><\/p>\n<p>La Delegaci&oacute;n de la Direcci&oacute;n de Recursos Naturales Renovables de General Alvear proveer&aacute; cerca de 600 forestales que ser&aacute;n implantados en el radio urbano del departamento. Ser&aacute; con el aporte de personal, log&iacute;stico y t&eacute;cnico de la Direcci&oacute;n de Gesti&oacute;n Ambiental, la Direcci&oacute;n de Servicios P&uacute;blicos y la Cooperativa de Electricidad, Consumo, Comercializaci&oacute;n, Vivienda y Servicios Asistenciales General Alvear Limitada (Cecsagal).<\/p>\n<p>Estas acciones ir&aacute;n acompa&ntilde;adas de campa&ntilde;as de concientizaci&oacute;n en escuelas y uniones vecinales y se invitar&aacute; a dichas entidades a participar de las plantaciones en los distintos sectores de la ciudad. Adem&aacute;s de emprender esta&nbsp; iniciativa de forma conjunta, tanto el Municipio como la cooperativa sure&ntilde;a colaboran activamente en mejoras en las instalaciones del vivero de la delegaci&oacute;n de Alvear.<\/p>\n<p><strong>Plantaci&oacute;n en escuelas de Valle de Uco &nbsp;<\/strong><\/p>\n<p>La Delegaci&oacute;n Valle de Uco de la Direcci&oacute;n de Recursos Naturales Renovables va a realizar un programa de forestaci&oacute;n de forma conjunta con distintas escuelas de nivel primario de los departamentos de Tunuy&aacute;n, Tupungato y San Carlos. Ser&aacute; donando distintos tipos de forestales seg&uacute;n la mejor adaptaci&oacute;n a cada uno de los ambientes.<\/p>\n<p>Las escuelas son, en San Carlos: Yapey&uacute; (albergue), Paraje Las Jaulas, Benito Lynch de Paso de las Carretas, Adolfo Tula de La Consulta, Bernardo Quiroga de Eugenio Bustos y Mat&iacute;as Zapiola de la Villa Cabecera.<\/p>\n<p>De Tunuy&aacute;n:&nbsp;R&iacute;o Tunuy&aacute;n, San Pablo en Los &Aacute;rboles, Manuel de Olaz&aacute;bal del Manzano Hist&oacute;rico, Presidente Yrigoyen de Campo Los Andes, Vicente L&oacute;pez y Planes y Jean Piaget, del Centro.<\/p>\n<p>Tupungato: Alberto Gino Mario Greco de Santa Clara, Dr. Jos&eacute; C. Palma, de La Carrera en Estancia Las Cuevas, Emilia Herrera de Toro y Profesor Dionisio Chaca, de Ciudad, y&nbsp;Luis Piedrabuena, Cord&oacute;n del Plata.<\/p>\n<p>Estas actividades ir&aacute;n acompa&ntilde;adas de charlas educativas sobre la importancia de la conservaci&oacute;n y el mantenimiento del arbolado, con entrega de material did&aacute;ctico.<\/p>\n<p><strong>Mural de bosques en escuela de &Ntilde;acu&ntilde;&aacute;n&nbsp;<\/strong><\/p>\n<p>En la reserva de la bi&oacute;sfera de &Ntilde;acu&ntilde;&aacute;n se celebrar&aacute; el D&iacute;a del &Aacute;rbol, organizando la pintura de un mural en la Escuela Nuestra Se&ntilde;ora del Carmen de Cuyo, ubicada en el &Aacute;rea Natural Protegida.<\/p>\n<p>La actividad pl&aacute;stica tomar&aacute; como motivo el afiche El Bosque de la Vida, desarrollado por la Direcci&oacute;n de Bosques de la Secretar&iacute;a de Ambiente y Desarrollo Sustentable de la Naci&oacute;n. Tiene el objetivo de que la comunidad escolar conozca y valore los bienes naturales y servicios ecosist&eacute;micos que brindan los bosques nativos. Por ello, en el mural ser&aacute; dibujado el algarrobo y en madera se tallar&aacute;n las referencias y se realizar&aacute;n esculturas. El evento tambi&eacute;n incluir&aacute; la capacitaci&oacute;n para plantar &aacute;rboles donados por la DRNR.<\/p>\n<p><strong>Parque Provincial Cord&oacute;n del Plata organiz&oacute; talleres<\/strong><\/p>\n<p>Los guardaparques del &Aacute;rea Natural Protegida implementar&aacute;n del 17 al 23 de agosto una campa&ntilde;a de difusi&oacute;n en las escuelas del Valle de Potrerillos para concientizar y poner en valor los beneficios del arbolado p&uacute;blico.<\/p>\n<p>Como complemento de las charlas educativas, el personal de la DRNR efectuar&aacute; un taller de replicaci&oacute;n de Chacay &ndash;especie de &aacute;rbol propio de nuestra zona monta&ntilde;osa&ndash; y repartir&aacute; material did&aacute;ctico.<\/p>\n<p>M&aacute;s informaci&oacute;n, en www.mendoza.gov.ar\/ambiente\/arbol.<\/p>\n<p>&nbsp;<\/p>\n<\/body><\/html>\n","protected":false},"excerpt":{"rendered":"El s\u00e1bado 19, a partir de las 11, en el Prado Espa\u00f1ol del Parque Gral. San Mart\u00edn se podr\u00e1 disfrutar de la experiencia de plantar un \u00e1rbol. Habr\u00e1 t\u00edteres para ni\u00f1os y m\u00fasica en vivo. ","protected":false},"author":2,"featured_media":99129,"comment_status":"open","ping_status":"open","sticky":false,"template":"","format":"standard","meta":[],"categories":[3],"tags":[],"_links":{"self":[{"href":"https:\/\/www.mendoza.gov.ar\/prensa\/wp-json\/wp\/v2\/posts\/99118"}],"collection":[{"href":"https:\/\/www.mendoza.gov.ar\/prensa\/wp-json\/wp\/v2\/posts"}],"about":[{"href":"https:\/\/www.mendoza.gov.ar\/prensa\/wp-json\/wp\/v2\/types\/post"}],"author":[{"embeddable":true,"href":"https:\/\/www.mendoza.gov.ar\/prensa\/wp-json\/wp\/v2\/users\/2"}],"replies":[{"embeddable":true,"href":"https:\/\/www.mendoza.gov.ar\/prensa\/wp-json\/wp\/v2\/comments?post=99118"}],"version-history":[{"count":0,"href":"https:\/\/www.mendoza.gov.ar\/prensa\/wp-json\/wp\/v2\/posts\/99118\/revisions"}],"wp:featuredmedia":[{"embeddable":true,"href":"https:\/\/www.mendoza.gov.ar\/prensa\/wp-json\/wp\/v2\/media\/99129"}],"wp:attachment":[{"href":"https:\/\/www.mendoza.gov.ar\/prensa\/wp-json\/wp\/v2\/media?parent=99118"}],"wp:term":[{"taxonomy":"category","embeddable":true,"href":"https:\/\/www.mendoza.gov.ar\/prensa\/wp-json\/wp\/v2\/categories?post=99118"},{"taxonomy":"post_tag","embeddable":true,"href":"https:\/\/www.mendoza.gov.ar\/prensa\/wp-json\/wp\/v2\/tags?post=99118"}],"curies":[{"name":"wp","href":"https:\/\/api.w.org\/{rel}","templated":true}]}}