{"id":99150,"date":"2017-08-08T13:18:44","date_gmt":"2017-08-08T16:18:44","guid":{"rendered":"http:\/\/prensa.mendoza.gov.ar\/?p=99150"},"modified":"2017-08-08T13:18:44","modified_gmt":"2017-08-08T16:18:44","slug":"nuevos-desvios-de-transporte-en-calle-las-canas-de-guaymallen","status":"publish","type":"post","link":"https:\/\/www.mendoza.gov.ar\/prensa\/nuevos-desvios-de-transporte-en-calle-las-canas-de-guaymallen\/","title":{"rendered":"Nuevos desv\u00edos de transporte en calle Las Ca\u00f1as de Guaymall\u00e9n"},"content":{"rendered":"<!DOCTYPE html PUBLIC \"-\/\/W3C\/\/DTD HTML 4.0 Transitional\/\/EN\" \"http:\/\/www.w3.org\/TR\/REC-html40\/loose.dtd\">\n<html><body><div>La Municipalidad de Guaymall&eacute;n contin&uacute;a con los trabajos de reparaci&oacute;n y alcantarillado en varias zonas del departamento, por lo que se modificar&aacute;n los recorridos de diversos colectivos.<\/div>\n<div><\/div>\n<div>Los cortes ser&aacute;n en las calles Urquiza y lateral Sur del Acceso Este, y en Cangallo y Estrada. A continuaci&oacute;n, las modificaciones en los servicios que circulan por la&nbsp;zona:<\/div>\n<div><\/div>\n<div><strong>Desv&iacute;o calle Urquiza y Lateral Sur de Acceso Este<\/strong><\/div>\n<div><strong>&nbsp;<\/strong><\/div>\n<div>Grupo 9 l&iacute;neas 162-163 tomar&aacute; por Urquiza, Castro, Talcahuano, Rondeau, Arenales subida Acceso Este y retoma su recorrido. Se establecen como paradas alternativas en Castro y Villanueva, y Talcahuano y Rondeau.<\/div>\n<div><\/div>\n<div><strong>Desv&iacute;o Cangallo y Estrada<\/strong><\/div>\n<div><\/div>\n<div>Grupo 8 l&iacute;nea 104 desviar&aacute; por Houssay, Guti&eacute;rrez y retomar&aacute; su traza.<\/div>\n<div><\/div>\n<div>Grupo 7 l&iacute;neas 91-92y Grupo 9 l&iacute;nea 166 tomar&aacute;n por Pedro Vargas, Estrada y su recorrido.<\/div>\n<div><\/div>\n<div>Grupo 7 l&iacute;nea 93 temporalmente ir&aacute; por Cochabamba, Houssay, Guti&eacute;rrez, y retoma su recorrido.<\/div>\n<\/body><\/html>\n","protected":false},"excerpt":{"rendered":"Se extender\u00e1n 40 d\u00edas y afectar\u00e1n a varios servicios de transporte. ","protected":false},"author":2,"featured_media":99151,"comment_status":"open","ping_status":"open","sticky":false,"template":"","format":"standard","meta":[],"categories":[34],"tags":[],"_links":{"self":[{"href":"https:\/\/www.mendoza.gov.ar\/prensa\/wp-json\/wp\/v2\/posts\/99150"}],"collection":[{"href":"https:\/\/www.mendoza.gov.ar\/prensa\/wp-json\/wp\/v2\/posts"}],"about":[{"href":"https:\/\/www.mendoza.gov.ar\/prensa\/wp-json\/wp\/v2\/types\/post"}],"author":[{"embeddable":true,"href":"https:\/\/www.mendoza.gov.ar\/prensa\/wp-json\/wp\/v2\/users\/2"}],"replies":[{"embeddable":true,"href":"https:\/\/www.mendoza.gov.ar\/prensa\/wp-json\/wp\/v2\/comments?post=99150"}],"version-history":[{"count":0,"href":"https:\/\/www.mendoza.gov.ar\/prensa\/wp-json\/wp\/v2\/posts\/99150\/revisions"}],"wp:featuredmedia":[{"embeddable":true,"href":"https:\/\/www.mendoza.gov.ar\/prensa\/wp-json\/wp\/v2\/media\/99151"}],"wp:attachment":[{"href":"https:\/\/www.mendoza.gov.ar\/prensa\/wp-json\/wp\/v2\/media?parent=99150"}],"wp:term":[{"taxonomy":"category","embeddable":true,"href":"https:\/\/www.mendoza.gov.ar\/prensa\/wp-json\/wp\/v2\/categories?post=99150"},{"taxonomy":"post_tag","embeddable":true,"href":"https:\/\/www.mendoza.gov.ar\/prensa\/wp-json\/wp\/v2\/tags?post=99150"}],"curies":[{"name":"wp","href":"https:\/\/api.w.org\/{rel}","templated":true}]}}