{"id":99260,"date":"2017-08-09T11:57:08","date_gmt":"2017-08-09T14:57:08","guid":{"rendered":"http:\/\/prensa.mendoza.gov.ar\/?p=99260"},"modified":"2017-08-09T11:57:08","modified_gmt":"2017-08-09T14:57:08","slug":"continua-el-seminario-sobre-uso-racional-de-psicofarmacos-en-osep","status":"publish","type":"post","link":"https:\/\/www.mendoza.gov.ar\/prensa\/continua-el-seminario-sobre-uso-racional-de-psicofarmacos-en-osep\/","title":{"rendered":"Contin\u00faa en OSEP el seminario sobre uso racional de psicof\u00e1rmacos"},"content":{"rendered":"<!DOCTYPE html PUBLIC \"-\/\/W3C\/\/DTD HTML 4.0 Transitional\/\/EN\" \"http:\/\/www.w3.org\/TR\/REC-html40\/loose.dtd\">\n<html><body><p>Se llev&oacute; a cabo la segunda jornada del seminario\/taller sobre &ldquo;Prescripci&oacute;n racional de psicof&aacute;rmacos en la poblaci&oacute;n argentina&rdquo;, organizada por la Obra Social de Empleados P&uacute;blicos (OSEP) y la Universidad Juan Agust&iacute;n Maza. En esta ocasi&oacute;n estuvo dirigida a directores, subdirectores y jefes de &aacute;reas.<\/p>\n<p>En el encuentro estuvieron presentes el titular de OSEP, Sergio Vergara; la directora de Atenci&oacute;n a la Salud, Teresa Z&aacute;rate de Lara, y los gerentes de las Sedes de OSEP en el territorio provincial.<\/p>\n<p>&ldquo;La idea de esta actividad es comprender todas las estrategias de la industria farmac&eacute;utica y entender lo que significa el uso racional de medicamentos en la calidad de vida de los pacientes, m&aacute;s all&aacute; del costo&rdquo;, dijo Vergara. Tambi&eacute;n valoro el potencial que tiene el farmac&eacute;utico en el sistema de salud.<\/p>\n<p>Nuevamente quien estuvo a cargo de la disertaci&oacute;n fue Carlos Cornaglia, quien interactu&oacute; con el p&uacute;blico hablando del uso racional, prescripci&oacute;n y uso indebido de psicof&aacute;rmacos. Para complementar su exposici&oacute;n, invit&oacute; a una paciente que cont&oacute; su experiencia, en la que Cornaglia pudo ayudarla, tras recibir medicaci&oacute;n que empeoraba su grave cuadro de depresi&oacute;n.<\/p>\n<p>La exposici&oacute;n se enfoc&oacute; sobre todo en el tratamiento especial para cada individuo en lugar de la imposici&oacute;n de ciertos medicamentos que realiza la industria farmac&eacute;utica. Para modificar esto, remarc&oacute; que hace falta un cambio cultural de la sociedad, tanto del m&eacute;dico como del paciente, as&iacute; como pol&iacute;ticas y legislaciones fuertes vigentes en otros lugares del mundo.<\/p>\n<p>Por su parte, el subdirector de Econom&iacute;a de la Salud de OSEP, Gustavo Mu&ntilde;oz, expuso sobre &ldquo;Costos de la no calidad&rdquo;. Explic&oacute; que se trata de aquellos costos que surgen por el desv&iacute;o de lo que se hace seg&uacute;n evidencia cient&iacute;fica y protocolos internacionales. Mu&ntilde;oz hizo foco en la complejidad de su abordaje y an&aacute;lisis pero destac&oacute; la necesidad de trabajar para eliminarlos, ya que son evitables en un alto porcentaje. En salud, los costos no s&oacute;lo se refieren a dinero sino que por lo general se encuentran directamente relacionados con&nbsp;p&eacute;rdida en la calidad de vida de las personas o muertes prematuras como uno de los escenarios extremos.<\/p>\n<p>El seminario contin&uacute;a hoy mi&eacute;rcoles, en Salta 898 de Ciudad, y estar&aacute; abierto a profesionales de la salud del sector p&uacute;blico y privado.<\/p>\n<p><a href=\"https:\/\/www.mendoza.gov.ar\/prensa\/wp-content\/uploads\/sites\/23\/IMG-20170808-WA0035.jpg\"><img loading=\"lazy\" class=\"alignnone wp-image-99262 img-responsive center-block\" src=\"https:\/\/www.mendoza.gov.ar\/prensa\/wp-content\/uploads\/sites\/23\/IMG-20170808-WA0035.jpg\" alt=\"\" width=\"650\" height=\"434\"><\/a><\/p>\n<\/body><\/html>\n","protected":false},"excerpt":{"rendered":"El seminario contin\u00faa hoy mi\u00e9rcoles, en Salta 898 de Ciudad, y est\u00e1 abierto a profesionales de la salud del sector p\u00fablico y privado. ","protected":false},"author":2,"featured_media":99261,"comment_status":"open","ping_status":"open","sticky":false,"template":"","format":"standard","meta":[],"categories":[30],"tags":[],"_links":{"self":[{"href":"https:\/\/www.mendoza.gov.ar\/prensa\/wp-json\/wp\/v2\/posts\/99260"}],"collection":[{"href":"https:\/\/www.mendoza.gov.ar\/prensa\/wp-json\/wp\/v2\/posts"}],"about":[{"href":"https:\/\/www.mendoza.gov.ar\/prensa\/wp-json\/wp\/v2\/types\/post"}],"author":[{"embeddable":true,"href":"https:\/\/www.mendoza.gov.ar\/prensa\/wp-json\/wp\/v2\/users\/2"}],"replies":[{"embeddable":true,"href":"https:\/\/www.mendoza.gov.ar\/prensa\/wp-json\/wp\/v2\/comments?post=99260"}],"version-history":[{"count":0,"href":"https:\/\/www.mendoza.gov.ar\/prensa\/wp-json\/wp\/v2\/posts\/99260\/revisions"}],"wp:featuredmedia":[{"embeddable":true,"href":"https:\/\/www.mendoza.gov.ar\/prensa\/wp-json\/wp\/v2\/media\/99261"}],"wp:attachment":[{"href":"https:\/\/www.mendoza.gov.ar\/prensa\/wp-json\/wp\/v2\/media?parent=99260"}],"wp:term":[{"taxonomy":"category","embeddable":true,"href":"https:\/\/www.mendoza.gov.ar\/prensa\/wp-json\/wp\/v2\/categories?post=99260"},{"taxonomy":"post_tag","embeddable":true,"href":"https:\/\/www.mendoza.gov.ar\/prensa\/wp-json\/wp\/v2\/tags?post=99260"}],"curies":[{"name":"wp","href":"https:\/\/api.w.org\/{rel}","templated":true}]}}