{"id":99281,"date":"2017-08-09T12:52:43","date_gmt":"2017-08-09T15:52:43","guid":{"rendered":"http:\/\/prensa.mendoza.gov.ar\/?p=99281"},"modified":"2017-08-09T12:52:43","modified_gmt":"2017-08-09T15:52:43","slug":"primer-congreso-de-gerontologia","status":"publish","type":"post","link":"https:\/\/www.mendoza.gov.ar\/prensa\/primer-congreso-de-gerontologia\/","title":{"rendered":"Primer Congreso de Gerontolog\u00eda"},"content":{"rendered":"<!DOCTYPE html PUBLIC \"-\/\/W3C\/\/DTD HTML 4.0 Transitional\/\/EN\" \"http:\/\/www.w3.org\/TR\/REC-html40\/loose.dtd\">\n<html><body><div id=\":zj\" class=\"ii gt adP adO\">\n<div id=\":15c\" class=\"a3s aXjCH m15dc7a92f4dfdcc4\">\n<div id=\"m_2051620268132040243yui_3_16_0_ym19_1_1502292349846_3072\" class=\"m_2051620268132040243yahoo_quoted\">\n<div id=\"m_2051620268132040243yui_3_16_0_ym19_1_1502292349846_3071\">\n<div id=\"m_2051620268132040243yui_3_16_0_ym19_1_1502292349846_3070\">\n<div id=\"m_2051620268132040243yui_3_16_0_ym19_1_1502292349846_3069\" class=\"m_2051620268132040243y_msg_container\">\n<div id=\"m_2051620268132040243yiv2380041054\">\n<div id=\"m_2051620268132040243yui_3_16_0_ym19_1_1502292349846_3068\">\n<div id=\"m_2051620268132040243yui_3_16_0_ym19_1_1502292349846_3067\">\n<div id=\"m_2051620268132040243yui_3_16_0_ym19_1_1502292349846_3155\">\n<div id=\"m_2051620268132040243yui_3_16_0_ym19_1_1502292349846_3154\">\n<div id=\"m_2051620268132040243yui_3_16_0_ym19_1_1502292349846_3153\">\n<div id=\"m_2051620268132040243yui_3_16_0_ym19_1_1502292349846_3156\">Este jueves y viernes 10 y 11 de agosto, la Obra Social de Empleados P&uacute;blicos (OSEP) llevar&aacute; adelante el Primer&nbsp;Congreso de Gerontolog&iacute;a y la Primera&nbsp;Jornada Trasandina. Se desarrollar&aacute;n en el Centro de Congreso y Exposiciones de la Ciudad de Mendoza, Peltier 611. Junto a profesionales locales, del pa&iacute;s y Chile, est&aacute;n previstas m&aacute;s de 150 conferencias y exposiciones que apuntan a conocer los nuevos desaf&iacute;os en la poblaci&oacute;n de adultos mayores.<\/div>\n<div id=\"m_2051620268132040243yui_3_16_0_ym19_1_1502292349846_3334\"><\/div>\n<div id=\"m_2051620268132040243yui_3_16_0_ym19_1_1502292349846_3182\"><span id=\"m_2051620268132040243yui_3_16_0_ym19_1_1502292349846_3181\"><span id=\"m_2051620268132040243yui_3_16_0_ym19_1_1502292349846_3180\">La Obra Social de Empleados P&uacute;blicos mendocinos viene trabajando fuertemente con este grupo, generando pol&iacute;ticas sociosanitarias tendientes a mejorar su calidad de vida y promover un envejecimiento saludable. Es la instituci&oacute;n de salud m&aacute;s grande de la regi&oacute;n de Cuyo, con una poblaci&oacute;n muy heterog&eacute;nea de m&aacute;s de 395.000 afiliados, con necesidades diferentes, y casi 20 % de jubilados y pensionados adultos mayores del Estado provincial.<\/span><\/span><\/div>\n<div id=\"m_2051620268132040243yui_3_16_0_ym19_1_1502292349846_3183\"><\/div>\n<div id=\"m_2051620268132040243yui_3_16_0_ym19_1_1502292349846_3186\"><span id=\"m_2051620268132040243yui_3_16_0_ym19_1_1502292349846_3185\"><span id=\"m_2051620268132040243yui_3_16_0_ym19_1_1502292349846_3184\">Este encuentro reunir&aacute; a t&eacute;cnicos, profesionales y expertos de las m&aacute;s variadas disciplinas relacionadas con los mayores. Se abordar&aacute;n temas sobre sus derechos, la atenci&oacute;n asistencial, los procesos propios de esta etapa, la adaptaci&oacute;n a nuestro tiempo y otros tantos m&aacute;s que se debatir&aacute;n durante dos d&iacute;as.<\/span><\/span><\/div>\n<div id=\"m_2051620268132040243yui_3_16_0_ym19_1_1502292349846_3187\"><\/div>\n<div><strong>Jornada trasandina<\/strong><\/div>\n<div><\/div>\n<div>De forma simult&aacute;nea al congreso, importantes disertantes de Chile y profesionales de nuestro pa&iacute;s realizar&aacute;n una jornada que tiene como objetivo el intercambio de experiencias y actualizaci&oacute;n de conocimientos. Algunas de las charlas que ser&aacute;n parte de este encuentro son &ldquo;Convenci&oacute;n Interamericana sobre la Protecci&oacute;n de los Derechos Humanos de las Personas Mayores&rdquo;, a cargo de la doctora M&oacute;nica Roque y &ldquo;El cuidado del adulto mayor con dependencia ps&iacute;quica&rdquo;, por Ignacio Brusco. Tambi&eacute;n se realizar&aacute; la presentaci&oacute;n del libro <em>Gerontolog&iacute;a: actualizaciones y temas emergentes,<\/em> de Ingrid Fergusson y Claudio Rojas Jara,&nbsp;de Chile.<\/div>\n<div><\/div>\n<div id=\"m_2051620268132040243yui_3_16_0_ym19_1_1502292349846_3197\"><span id=\"m_2051620268132040243yui_3_16_0_ym19_1_1502292349846_3196\"><span id=\"m_2051620268132040243yui_3_16_0_ym19_1_1502292349846_3195\">Por su parte, Viviana Lasagni, promotora de este evento y a cargo del Programa de Adulto Mayores de la Obra Social, disertar&aacute; sobre &ldquo;La viudez en la vejez&rdquo;. Tambi&eacute;n compartir&aacute; con los asistentes el trabajo que llevan adelante desde su &aacute;rea en el cuidado de la salud e inclusi&oacute;n de los mayores de la obra social.<\/span><\/span><\/div>\n<div id=\"m_2051620268132040243yui_3_16_0_ym19_1_1502292349846_3198\"><\/div>\n<div id=\"m_2051620268132040243yui_3_16_0_ym19_1_1502292349846_3199\"><span id=\"m_2051620268132040243yui_3_16_0_ym19_1_1502292349846_3201\"><span id=\"m_2051620268132040243yui_3_16_0_ym19_1_1502292349846_3200\">Por otra parte, se han dispuesto talleres destinados al p&uacute;blico en general adulto mayor.<\/span><\/span><\/div>\n<div id=\"m_2051620268132040243yui_3_16_0_ym19_1_1502292349846_3202\"><\/div>\n<div id=\"m_2051620268132040243yui_3_16_0_ym19_1_1502292349846_3203\"><span id=\"m_2051620268132040243yui_3_16_0_ym19_1_1502292349846_3205\"><span id=\"m_2051620268132040243yui_3_16_0_ym19_1_1502292349846_3204\">La apertura del congreso, que ya tiene m&aacute;s de 500 inscriptos, se realizar&aacute; este jueves a las 9 y estar&aacute; a cargo del director general de OSEP, Sergio Vergara.<\/span><\/span><\/div>\n<div class=\"yj6qo\"><\/div>\n<\/div>\n<\/div>\n<\/div>\n<\/div>\n<\/div>\n<\/div>\n<\/div>\n<\/div>\n<\/div>\n<\/div>\n<\/div>\n<\/div>\n<div id=\":yp\" class=\"hq gt a10\"><\/div>\n<\/body><\/html>\n","protected":false},"excerpt":{"rendered":"El encuentro organizado por OSEP se inicia ma\u00f1ana a las 9, en el Centro de Congresos. Durante dos jornadas, profesionales de Argentina y Chile disertar\u00e1n sobre las nuevas estrategias en el abordaje sociosanitario de los adultos mayores. La apertura estar\u00e1 a cargo del titular de la obra social, Sergio Vergara.","protected":false},"author":2,"featured_media":99286,"comment_status":"open","ping_status":"open","sticky":false,"template":"","format":"standard","meta":[],"categories":[30],"tags":[],"_links":{"self":[{"href":"https:\/\/www.mendoza.gov.ar\/prensa\/wp-json\/wp\/v2\/posts\/99281"}],"collection":[{"href":"https:\/\/www.mendoza.gov.ar\/prensa\/wp-json\/wp\/v2\/posts"}],"about":[{"href":"https:\/\/www.mendoza.gov.ar\/prensa\/wp-json\/wp\/v2\/types\/post"}],"author":[{"embeddable":true,"href":"https:\/\/www.mendoza.gov.ar\/prensa\/wp-json\/wp\/v2\/users\/2"}],"replies":[{"embeddable":true,"href":"https:\/\/www.mendoza.gov.ar\/prensa\/wp-json\/wp\/v2\/comments?post=99281"}],"version-history":[{"count":0,"href":"https:\/\/www.mendoza.gov.ar\/prensa\/wp-json\/wp\/v2\/posts\/99281\/revisions"}],"wp:featuredmedia":[{"embeddable":true,"href":"https:\/\/www.mendoza.gov.ar\/prensa\/wp-json\/wp\/v2\/media\/99286"}],"wp:attachment":[{"href":"https:\/\/www.mendoza.gov.ar\/prensa\/wp-json\/wp\/v2\/media?parent=99281"}],"wp:term":[{"taxonomy":"category","embeddable":true,"href":"https:\/\/www.mendoza.gov.ar\/prensa\/wp-json\/wp\/v2\/categories?post=99281"},{"taxonomy":"post_tag","embeddable":true,"href":"https:\/\/www.mendoza.gov.ar\/prensa\/wp-json\/wp\/v2\/tags?post=99281"}],"curies":[{"name":"wp","href":"https:\/\/api.w.org\/{rel}","templated":true}]}}