{"id":99379,"date":"2017-08-10T11:14:44","date_gmt":"2017-08-10T14:14:44","guid":{"rendered":"http:\/\/prensa.mendoza.gov.ar\/?p=99379"},"modified":"2017-08-10T11:14:44","modified_gmt":"2017-08-10T14:14:44","slug":"unicipio-iimportante-proyecto-de-arbolado-publico-para-el-area-metropolitana","status":"publish","type":"post","link":"https:\/\/www.mendoza.gov.ar\/prensa\/unicipio-iimportante-proyecto-de-arbolado-publico-para-el-area-metropolitana\/","title":{"rendered":"Unicipio: importante proyecto de arbolado p\u00fablico\u00a0para el \u00c1rea Metropolitana"},"content":{"rendered":"<!DOCTYPE html PUBLIC \"-\/\/W3C\/\/DTD HTML 4.0 Transitional\/\/EN\" \"http:\/\/www.w3.org\/TR\/REC-html40\/loose.dtd\">\n<html><body><p>La Secretar&iacute;a Ambiente y Ordenamiento Territorial &ndash;a trav&eacute;s de Unicipio&ndash; convoc&oacute; a la primera reuni&oacute;n sobre el Proyecto de Arbolado P&uacute;blico del &Aacute;rea Metropolitana de Mendoza. La iniciativa cuenta con la financiaci&oacute;n del Banco Interamericano de Desarrollo (BID) y forma parte del Programa de Desarrollo de &Aacute;reas Metropolitanas del Interior (DAMI II), el cual incluir&aacute; un&nbsp; censo georreferenciado de &aacute;rboles, el fortalecimiento de viveros provinciales y municipales y la adquisici&oacute;n de equipamiento para recuperaci&oacute;n y refuncionalizaci&oacute;n del arbolado p&uacute;blico urbano.<\/p>\n<p>Con la asistencia&nbsp;de representantes t&eacute;cnicos de los siete municipios del &Aacute;rea Metropolitana, la reuni&oacute;n comenz&oacute;&nbsp;con la presentaci&oacute;n de los objetivos, metodolog&iacute;a y plazos de esta iniciativa esencial para el desarrollo de los &aacute;rboles del medio urbano, medida esencial para la absorci&oacute;n de gases de efecto invernadero. &ldquo;Hoy iniciamos el Proyecto de Arbolado P&uacute;blico que nos permitir&aacute; recuperar el crecimiento de la masa forestal para mejorar nuestro ambiente y nuestra calidad de vida&rdquo;, dijo Humberto Mingorance, secretario de Ambiente.<\/p>\n<p>Mingorance explic&oacute; que desde su cartera &ndash;y en conjunto con otros ministerios&ndash; se est&aacute;n encarando tres l&iacute;neas de acci&oacute;n decisivas para la calidad ambiental del Unicipio, como la ampliaci&oacute;n de la red cicloviaria, la semaforizaci&oacute;n inteligente y&nbsp;el proyecto descripto. Este proyecto implica un trabajo interjurisdiccional in&eacute;dito en el &Aacute;rea Metropolitana como la adquisici&oacute;n de equipamiento &ndash;por ejemplo, maquinaria para extraer tocones&ndash; por parte de la provincia, para ser puesto al servicio de los municipios que lo requieran.<\/p>\n<\/body><\/html>\n","protected":false},"excerpt":{"rendered":"Incluir\u00e1 un censo georreferenciado de \u00e1rboles, el fortalecimiento de viveros provinciales y municipales y la adquisici\u00f3n de equipamiento para recuperaci\u00f3n y refuncionalizaci\u00f3n del arbolado p\u00fablico urbano.","protected":false},"author":2,"featured_media":99380,"comment_status":"open","ping_status":"open","sticky":false,"template":"","format":"standard","meta":[],"categories":[3],"tags":[],"_links":{"self":[{"href":"https:\/\/www.mendoza.gov.ar\/prensa\/wp-json\/wp\/v2\/posts\/99379"}],"collection":[{"href":"https:\/\/www.mendoza.gov.ar\/prensa\/wp-json\/wp\/v2\/posts"}],"about":[{"href":"https:\/\/www.mendoza.gov.ar\/prensa\/wp-json\/wp\/v2\/types\/post"}],"author":[{"embeddable":true,"href":"https:\/\/www.mendoza.gov.ar\/prensa\/wp-json\/wp\/v2\/users\/2"}],"replies":[{"embeddable":true,"href":"https:\/\/www.mendoza.gov.ar\/prensa\/wp-json\/wp\/v2\/comments?post=99379"}],"version-history":[{"count":0,"href":"https:\/\/www.mendoza.gov.ar\/prensa\/wp-json\/wp\/v2\/posts\/99379\/revisions"}],"wp:featuredmedia":[{"embeddable":true,"href":"https:\/\/www.mendoza.gov.ar\/prensa\/wp-json\/wp\/v2\/media\/99380"}],"wp:attachment":[{"href":"https:\/\/www.mendoza.gov.ar\/prensa\/wp-json\/wp\/v2\/media?parent=99379"}],"wp:term":[{"taxonomy":"category","embeddable":true,"href":"https:\/\/www.mendoza.gov.ar\/prensa\/wp-json\/wp\/v2\/categories?post=99379"},{"taxonomy":"post_tag","embeddable":true,"href":"https:\/\/www.mendoza.gov.ar\/prensa\/wp-json\/wp\/v2\/tags?post=99379"}],"curies":[{"name":"wp","href":"https:\/\/api.w.org\/{rel}","templated":true}]}}