{"id":99382,"date":"2017-08-10T11:22:16","date_gmt":"2017-08-10T14:22:16","guid":{"rendered":"http:\/\/prensa.mendoza.gov.ar\/?p=99382"},"modified":"2017-08-10T11:22:16","modified_gmt":"2017-08-10T14:22:16","slug":"promendoza-gestiono-importante-reduccion-arancelaria-a-maquina-vitivincola","status":"publish","type":"post","link":"https:\/\/www.mendoza.gov.ar\/prensa\/promendoza-gestiono-importante-reduccion-arancelaria-a-maquina-vitivincola\/","title":{"rendered":"ProMendoza gestion\u00f3 importante reducci\u00f3n arancelaria a m\u00e1quina vitiv\u00edncola"},"content":{"rendered":"<!DOCTYPE html PUBLIC \"-\/\/W3C\/\/DTD HTML 4.0 Transitional\/\/EN\" \"http:\/\/www.w3.org\/TR\/REC-html40\/loose.dtd\">\n<html><body><div class=\"adn ads\">\n<div class=\"gs\">\n<div id=\":l5\" class=\"ii gt adP adO\">\n<div id=\":oh\" class=\"a3s aXjCH m15dcc7335e2befce\">\n<div id=\"m_-784553614135402543yui_3_16_0_ym19_1_1502371948977_10520\" class=\"m_-784553614135402543yahoo_quoted\">\n<div id=\"m_-784553614135402543yui_3_16_0_ym19_1_1502371948977_10519\">\n<div id=\"m_-784553614135402543yui_3_16_0_ym19_1_1502371948977_10518\">\n<div id=\"m_-784553614135402543yui_3_16_0_ym19_1_1502371948977_10522\" class=\"m_-784553614135402543y_msg_container\">\n<div id=\"m_-784553614135402543yiv4668447220\">\n<div id=\"m_-784553614135402543yui_3_16_0_ym19_1_1502371948977_10526\">\n<div id=\"m_-784553614135402543yui_3_16_0_ym19_1_1502371948977_10548\" class=\"m_-784553614135402543yiv4668447220MsoNormal\">ProMendoza gestion&oacute; una importante reducci&oacute;n arancelaria para la importaci&oacute;n de una m&aacute;quina vitivin&iacute;cola. Se trata de una m&aacute;quina de fabricaci&oacute;n de c&aacute;psulas de origen alemana por un valor de 470 mil euros, que llega a la provincia en el marco de prueba y ensayo de implementaci&oacute;n.<\/div>\n<div id=\"m_-784553614135402543yui_3_16_0_ym19_1_1502371948977_10621\" class=\"m_-784553614135402543yiv4668447220MsoNormal\"><\/div>\n<div id=\"m_-784553614135402543yui_3_16_0_ym19_1_1502371948977_10622\" class=\"m_-784553614135402543yiv4668447220MsoNormal\">Debido a que se trata de un bien de capital que no se fabrica en nuestro pa&iacute;s, el &Aacute;rea de Inversiones de ProMendoza, junto con la Agencia Nacional de Inversiones y los aportes del Instituto Nacional de Tecnolog&iacute;a Industrial (INTI), se unieron para lograr un decreto que redujera la al&iacute;cuota arancel del 14 % al 2 %. Esto permitir&aacute; que la pyme beneficiada pueda disponer de recursos para la puesta en marcha y capacitaci&oacute;n del personal.<\/div>\n<div id=\"m_-784553614135402543yui_3_16_0_ym19_1_1502371948977_10623\" class=\"m_-784553614135402543yiv4668447220MsoNormal\"><\/div>\n<div id=\"m_-784553614135402543yui_3_16_0_ym19_1_1502371948977_10624\" class=\"m_-784553614135402543yiv4668447220MsoNormal\">La empresa mendocina se dedica principalmente a la fabricaci&oacute;n de c&aacute;psulas de vino y espumante&nbsp;para botellas relacionadas con la actividad vitivin&iacute;cola en Argentina y en varios pa&iacute;ses de Latinoam&eacute;rica, a los cuales exporta.<\/div>\n<div class=\"m_-784553614135402543yiv4668447220MsoNormal\"><\/div>\n<div id=\"m_-784553614135402543yui_3_16_0_ym19_1_1502371948977_10625\" class=\"m_-784553614135402543yiv4668447220MsoNormal\">El apoyo del Ministerio de la Producci&oacute;n y de Hacienda de la Naci&oacute;n, del cual forma parte el mendocino Alejandro Gallego, fue determinante en la gesti&oacute;n.<\/div>\n<\/div>\n<\/div>\n<\/div>\n<\/div>\n<\/div>\n<\/div>\n<\/div>\n<\/div>\n<\/div>\n<\/div>\n<div class=\"gA gt acV\"><\/div>\n<\/body><\/html>\n","protected":false},"excerpt":{"rendered":"En los pr\u00f3ximos d\u00edas, llegar\u00e1 a Mendoza un nuevo equipamiento necesario para la fabricaci\u00f3n de c\u00e1psulas para vino y espumante. La m\u00e1quina no se fabrica en nuestro pa\u00eds.","protected":false},"author":2,"featured_media":99383,"comment_status":"open","ping_status":"open","sticky":false,"template":"","format":"standard","meta":[],"categories":[1],"tags":[],"_links":{"self":[{"href":"https:\/\/www.mendoza.gov.ar\/prensa\/wp-json\/wp\/v2\/posts\/99382"}],"collection":[{"href":"https:\/\/www.mendoza.gov.ar\/prensa\/wp-json\/wp\/v2\/posts"}],"about":[{"href":"https:\/\/www.mendoza.gov.ar\/prensa\/wp-json\/wp\/v2\/types\/post"}],"author":[{"embeddable":true,"href":"https:\/\/www.mendoza.gov.ar\/prensa\/wp-json\/wp\/v2\/users\/2"}],"replies":[{"embeddable":true,"href":"https:\/\/www.mendoza.gov.ar\/prensa\/wp-json\/wp\/v2\/comments?post=99382"}],"version-history":[{"count":0,"href":"https:\/\/www.mendoza.gov.ar\/prensa\/wp-json\/wp\/v2\/posts\/99382\/revisions"}],"wp:featuredmedia":[{"embeddable":true,"href":"https:\/\/www.mendoza.gov.ar\/prensa\/wp-json\/wp\/v2\/media\/99383"}],"wp:attachment":[{"href":"https:\/\/www.mendoza.gov.ar\/prensa\/wp-json\/wp\/v2\/media?parent=99382"}],"wp:term":[{"taxonomy":"category","embeddable":true,"href":"https:\/\/www.mendoza.gov.ar\/prensa\/wp-json\/wp\/v2\/categories?post=99382"},{"taxonomy":"post_tag","embeddable":true,"href":"https:\/\/www.mendoza.gov.ar\/prensa\/wp-json\/wp\/v2\/tags?post=99382"}],"curies":[{"name":"wp","href":"https:\/\/api.w.org\/{rel}","templated":true}]}}