{"id":99386,"date":"2017-08-10T11:34:40","date_gmt":"2017-08-10T14:34:40","guid":{"rendered":"http:\/\/prensa.mendoza.gov.ar\/?p=99386"},"modified":"2017-08-10T11:34:40","modified_gmt":"2017-08-10T14:34:40","slug":"por-primera-vez-se-reunio-el-comite-cientifico-asesor-de-la-lucha-antigranizo","status":"publish","type":"post","link":"https:\/\/www.mendoza.gov.ar\/prensa\/por-primera-vez-se-reunio-el-comite-cientifico-asesor-de-la-lucha-antigranizo\/","title":{"rendered":"Por primera vez se reuni\u00f3 el Comit\u00e9 Cient\u00edfico Asesor de la Lucha Antigranizo"},"content":{"rendered":"<!DOCTYPE html PUBLIC \"-\/\/W3C\/\/DTD HTML 4.0 Transitional\/\/EN\" \"http:\/\/www.w3.org\/TR\/REC-html40\/loose.dtd\">\n<html><body><div id=\":kn\" class=\"ii gt adP adO\">\n<div id=\":me\" class=\"a3s aXjCH m15dcc73b89c8a75e\">\n<div id=\"m_-1561021298727909538yiv6471538857\">\n<div id=\"m_-1561021298727909538yui_3_16_0_ym19_1_1502371948977_14310\">\n<div id=\"m_-1561021298727909538yui_3_16_0_ym19_1_1502371948977_14309\">\n<div id=\"m_-1561021298727909538yui_3_16_0_ym19_1_1502371948977_14308\" class=\"m_-1561021298727909538yiv6471538857qtdSeparateBR\">El Comit&eacute; Cient&iacute;fico Asesor de la Lucha Antigranizo tiene como objetivo principal hacer un seguimiento de los componentes de la LAG (radares, generadores, aviones, etc.) y a la vez, proveer de mejoras y sugerencias en cuanto a su funcionamiento.&nbsp;Asimismo, promover el estudio del c&uacute;mulo de informaci&oacute;n de importancia cient&iacute;fica que se produce en la Direcci&oacute;n de Agricultura y Contingencias Clim&aacute;ticas (DACC).<\/div>\n<\/div>\n<\/div>\n<\/div>\n<div id=\"m_-1561021298727909538yui_3_16_0_ym19_1_1502371948977_14307\" class=\"m_-1561021298727909538.yiv6471538857yahoo_quoted\">\n<div id=\"m_-1561021298727909538yiv6471538857yui_3_16_0_ym19_1_1502224094852_20904\">\n<div id=\"m_-1561021298727909538yiv6471538857yui_3_16_0_ym19_1_1502224094852_20903\">\n<div id=\"m_-1561021298727909538yiv6471538857yui_3_16_0_ym19_1_1502224094852_20907\" class=\"m_-1561021298727909538yiv6471538857y_msg_container\">\n<div id=\"m_-1561021298727909538yiv6471538857\">\n<div id=\"m_-1561021298727909538yiv6471538857yui_3_16_0_ym19_1_1502224094852_20910\" dir=\"ltr\">\n<div id=\"m_-1561021298727909538yiv6471538857yqtfd36571\" class=\"m_-1561021298727909538yiv6471538857yqt7194055292\">\n<div id=\"m_-1561021298727909538yiv6471538857yui_3_16_0_ym19_1_1502224094852_20962\" class=\"m_-1561021298727909538yiv6471538857MsoNormal\"><span lang=\"ES\">&nbsp;<\/span><\/div>\n<div id=\"m_-1561021298727909538yiv6471538857yui_3_16_0_ym19_1_1502224094852_21119\" class=\"m_-1561021298727909538yiv6471538857MsoNormal\"><span id=\"m_-1561021298727909538yiv6471538857yui_3_16_0_ym19_1_1502224094852_21118\" lang=\"ES\">Forman parte de la mesa del comit&eacute;,&nbsp; cient&iacute;ficos e investigadores de diferentes entidades como el Servicio Meteorol&oacute;gico Nacional, del Ianigla, de la UNCuyo y personal de aeron&aacute;utica y t&eacute;cnicos de la DACC. En esta oportunidad contamos con la presencia del subsecretario de Agricultura y Ganader&iacute;a, Alejandro Zlotolov, quien escuch&oacute; atentamente cu&aacute;les son las necesidades para el correcto y efectivo funcionamiento.<\/span><\/div>\n<div id=\"m_-1561021298727909538yui_3_16_0_ym19_1_1502371948977_14322\" class=\"m_-1561021298727909538yiv6471538857MsoNormal\"><span id=\"m_-1561021298727909538yui_3_16_0_ym19_1_1502371948977_14324\" lang=\"ES\">&nbsp;<\/span><\/div>\n<div id=\"m_-1561021298727909538yiv6471538857yui_3_16_0_ym19_1_1502224094852_20976\" class=\"m_-1561021298727909538yiv6471538857MsoNormal\"><span id=\"m_-1561021298727909538yiv6471538857yui_3_16_0_ym19_1_1502224094852_20975\" lang=\"ES\">Durante esta primera reuni&oacute;n del a&ntilde;o, se trataron temas como la posibilidad de mejorar el acceso al sitio de internet&nbsp;de la DACC durante d&iacute;as de tormenta, la apertura de una nueva l&iacute;nea de investigaci&oacute;n, la utilizaci&oacute;n de nuevas tecnolog&iacute;as en favor del registro y seguimiento de tormentas, entre otros temas.&nbsp;<\/span>La idea es realizar una reuni&oacute;n mensual, incluso durante la campa&ntilde;a, para seguir de cerca los avances e ir dando soluci&oacute;n a los problemas que pudieran surgir.<\/div>\n<\/div>\n<\/div>\n<\/div>\n<\/div>\n<\/div>\n<\/div>\n<\/div>\n<\/div>\n<\/div>\n<\/body><\/html>\n","protected":false},"excerpt":{"rendered":"Analizaron la situaci\u00f3n actual para poner a punto para la pr\u00f3xima campa\u00f1a. Buscan eficientizar el trabajo de los aviones.\u00a0","protected":false},"author":2,"featured_media":99387,"comment_status":"open","ping_status":"open","sticky":false,"template":"","format":"standard","meta":[],"categories":[1],"tags":[],"_links":{"self":[{"href":"https:\/\/www.mendoza.gov.ar\/prensa\/wp-json\/wp\/v2\/posts\/99386"}],"collection":[{"href":"https:\/\/www.mendoza.gov.ar\/prensa\/wp-json\/wp\/v2\/posts"}],"about":[{"href":"https:\/\/www.mendoza.gov.ar\/prensa\/wp-json\/wp\/v2\/types\/post"}],"author":[{"embeddable":true,"href":"https:\/\/www.mendoza.gov.ar\/prensa\/wp-json\/wp\/v2\/users\/2"}],"replies":[{"embeddable":true,"href":"https:\/\/www.mendoza.gov.ar\/prensa\/wp-json\/wp\/v2\/comments?post=99386"}],"version-history":[{"count":0,"href":"https:\/\/www.mendoza.gov.ar\/prensa\/wp-json\/wp\/v2\/posts\/99386\/revisions"}],"wp:featuredmedia":[{"embeddable":true,"href":"https:\/\/www.mendoza.gov.ar\/prensa\/wp-json\/wp\/v2\/media\/99387"}],"wp:attachment":[{"href":"https:\/\/www.mendoza.gov.ar\/prensa\/wp-json\/wp\/v2\/media?parent=99386"}],"wp:term":[{"taxonomy":"category","embeddable":true,"href":"https:\/\/www.mendoza.gov.ar\/prensa\/wp-json\/wp\/v2\/categories?post=99386"},{"taxonomy":"post_tag","embeddable":true,"href":"https:\/\/www.mendoza.gov.ar\/prensa\/wp-json\/wp\/v2\/tags?post=99386"}],"curies":[{"name":"wp","href":"https:\/\/api.w.org\/{rel}","templated":true}]}}