{"id":99736,"date":"2017-08-13T10:30:10","date_gmt":"2017-08-13T13:30:10","guid":{"rendered":"http:\/\/prensa.mendoza.gov.ar\/?p=99736"},"modified":"2017-08-13T10:30:10","modified_gmt":"2017-08-13T13:30:10","slug":"transporte-gratis-para-votantes-durante-las-paso","status":"publish","type":"post","link":"https:\/\/www.mendoza.gov.ar\/prensa\/transporte-gratis-para-votantes-durante-las-paso\/","title":{"rendered":"Transporte gratis para votantes durante las PASO"},"content":{"rendered":"<!DOCTYPE html PUBLIC \"-\/\/W3C\/\/DTD HTML 4.0 Transitional\/\/EN\" \"http:\/\/www.w3.org\/TR\/REC-html40\/loose.dtd\">\n<html><body><p>El secretario de Servicios P&uacute;blicos, Natalio Mema, afirm&oacute; que &ldquo;durante este domingo el transporte p&uacute;blico funciona como d&iacute;a h&aacute;bil. Hasta las 18 podr&aacute;n viajar gratis quienes presenten el DNI, y luego de ese horario podr&aacute;n regresar a sus hogares sin abonar presentando el Documento Nacional de Identidad junto a la constancia de voto&rdquo;.<\/p>\n<p>Desde Aprotam informaron que la situaci&oacute;n del servicio de taxis es igual, el funcionamiento durante este domingo es como un d&iacute;a h&aacute;bil. &ldquo;Hasta el momento, no se reportaron novedades sobre el funcionamiento del servicio en la provincia&rdquo;, inform&oacute; el funcionario.<\/p>\n<p>&nbsp;<\/p>\n<p>&nbsp;<\/p>\n<\/body><\/html>\n","protected":false},"excerpt":{"rendered":"Lo reiter\u00f3 esta ma\u00f1ana el titular de Servicios P\u00fablicos de Mendoza, Natalio Mema. Colectivos y taxis funcionan como d\u00eda h\u00e1bil.","protected":false},"author":2,"featured_media":99740,"comment_status":"open","ping_status":"open","sticky":false,"template":"","format":"standard","meta":[],"categories":[34],"tags":[],"_links":{"self":[{"href":"https:\/\/www.mendoza.gov.ar\/prensa\/wp-json\/wp\/v2\/posts\/99736"}],"collection":[{"href":"https:\/\/www.mendoza.gov.ar\/prensa\/wp-json\/wp\/v2\/posts"}],"about":[{"href":"https:\/\/www.mendoza.gov.ar\/prensa\/wp-json\/wp\/v2\/types\/post"}],"author":[{"embeddable":true,"href":"https:\/\/www.mendoza.gov.ar\/prensa\/wp-json\/wp\/v2\/users\/2"}],"replies":[{"embeddable":true,"href":"https:\/\/www.mendoza.gov.ar\/prensa\/wp-json\/wp\/v2\/comments?post=99736"}],"version-history":[{"count":0,"href":"https:\/\/www.mendoza.gov.ar\/prensa\/wp-json\/wp\/v2\/posts\/99736\/revisions"}],"wp:featuredmedia":[{"embeddable":true,"href":"https:\/\/www.mendoza.gov.ar\/prensa\/wp-json\/wp\/v2\/media\/99740"}],"wp:attachment":[{"href":"https:\/\/www.mendoza.gov.ar\/prensa\/wp-json\/wp\/v2\/media?parent=99736"}],"wp:term":[{"taxonomy":"category","embeddable":true,"href":"https:\/\/www.mendoza.gov.ar\/prensa\/wp-json\/wp\/v2\/categories?post=99736"},{"taxonomy":"post_tag","embeddable":true,"href":"https:\/\/www.mendoza.gov.ar\/prensa\/wp-json\/wp\/v2\/tags?post=99736"}],"curies":[{"name":"wp","href":"https:\/\/api.w.org\/{rel}","templated":true}]}}