{"id":99859,"date":"2017-08-14T10:25:53","date_gmt":"2017-08-14T13:25:53","guid":{"rendered":"http:\/\/prensa.mendoza.gov.ar\/?p=99859"},"modified":"2017-08-14T10:25:53","modified_gmt":"2017-08-14T13:25:53","slug":"campana-educativa-de-ambiente-en-peatonal","status":"publish","type":"post","link":"https:\/\/www.mendoza.gov.ar\/prensa\/campana-educativa-de-ambiente-en-peatonal\/","title":{"rendered":"Campa\u00f1a educativa de Ambiente en peatonal"},"content":{"rendered":"<!DOCTYPE html PUBLIC \"-\/\/W3C\/\/DTD HTML 4.0 Transitional\/\/EN\" \"http:\/\/www.w3.org\/TR\/REC-html40\/loose.dtd\">\n<html><body><p>La Secretar&iacute;a de Ambiente y Ordenamiento Territorial est&aacute; llevando a cabo una acci&oacute;n de promoci&oacute;n educativa en el km 0 de Ciudad&nbsp; y convoca a una jornada y un festival de plantaci&oacute;n masiva de &aacute;rboles en el Parque General San Mart&iacute;n. Ser&aacute; el s&aacute;bado 19, desde las 11, en el Prado Espa&ntilde;ol<\/p>\n<p>Esta campa&ntilde;a busca recuperar la cultura del &aacute;rbol, poniendo en valor sus beneficios vinculados al ambiente y la calidad de vida urbana, en una provincia que se enorgullece de sus oasis.<\/p>\n<p>En el centro de la ciudad, promotores de Ambiente entregan de forma gratuita semillas de aguaribay, catalpa y brachichito explicando las condiciones de espacio que necesita cada especie para su adecuado crecimiento y los procedimientos para asegurar la germinaci&oacute;n de la semilla. Se ense&ntilde;an a los interesados los pasos para plantar un &aacute;rbol o a qu&eacute; organismos se debe acudir ante cualquier tr&aacute;mite que se requiera respecto al arbolado p&uacute;blico.<\/p>\n<p><strong>D&iacute;a del &Aacute;rbol<\/strong><\/p>\n<p>Si bien la fecha oficial del D&iacute;a Provincial del &Aacute;rbol es el 15 de agosto y el D&iacute;a Nacional del &Aacute;rbol es el 29, la Direcci&oacute;n de Recursos Naturales Renovables (DRNR) &ndash;a trav&eacute;s de sus distintas delegaciones en la provincia&ndash; ha previsto actividades de forestaci&oacute;n y campa&ntilde;as educativas en escuelas a lo largo de todo el mes. Entre ellas, el Plan de Forestaci&oacute;n Urbana en General Alvear, plantaci&oacute;n en quince colegios del Valle de Uco, la realizaci&oacute;n de un mural de bosques en escuela de &Ntilde;acu&ntilde;&aacute;n y&nbsp;los talleres de replicaci&oacute;n de &aacute;rboles de chacay en establecimientos educativos del Valle de Potrerillos.<\/p>\n<p>Adem&aacute;s, la Secretar&iacute;a de Ambiente &ndash;a trav&eacute;s de la DRNR&ndash; informa a la poblaci&oacute;n y sobre todo a la comunidad educativa que ya se encuentra subida a internet la <em>Cartilla Educativa sobre Arbolado P&uacute;blico<\/em>. El material explica y da respuestas sencillas a las preguntas frecuentes que tienen las personas acerca de c&oacute;mo&nbsp;elegir y luego cuidar los &aacute;rboles destinados a los espacios particulares. Adem&aacute;s, sobre los tr&aacute;mites legales e institucionales para resolver problemas con el arbolado p&uacute;blico.<\/p>\n<p>Quienes deseen consultar o tener m&aacute;s informaci&oacute;n, pueden hacerlo a trav&eacute;s de www.mendoza.gov.ar\/ambiente\/arbol.<\/p>\n<\/body><\/html>\n","protected":false},"excerpt":{"rendered":"Busca recuperar la cultura del \u00e1rbol, poniendo en valor sus beneficios vinculados al ambiente y la calidad de vida urbana. El s\u00e1bado 19, desde las 11, habr\u00e1 un festival de plantaci\u00f3n masiva de \u00e1rboles en el Parque General San Mart\u00edn.","protected":false},"author":2,"featured_media":99860,"comment_status":"open","ping_status":"open","sticky":false,"template":"","format":"standard","meta":[],"categories":[3],"tags":[],"_links":{"self":[{"href":"https:\/\/www.mendoza.gov.ar\/prensa\/wp-json\/wp\/v2\/posts\/99859"}],"collection":[{"href":"https:\/\/www.mendoza.gov.ar\/prensa\/wp-json\/wp\/v2\/posts"}],"about":[{"href":"https:\/\/www.mendoza.gov.ar\/prensa\/wp-json\/wp\/v2\/types\/post"}],"author":[{"embeddable":true,"href":"https:\/\/www.mendoza.gov.ar\/prensa\/wp-json\/wp\/v2\/users\/2"}],"replies":[{"embeddable":true,"href":"https:\/\/www.mendoza.gov.ar\/prensa\/wp-json\/wp\/v2\/comments?post=99859"}],"version-history":[{"count":0,"href":"https:\/\/www.mendoza.gov.ar\/prensa\/wp-json\/wp\/v2\/posts\/99859\/revisions"}],"wp:featuredmedia":[{"embeddable":true,"href":"https:\/\/www.mendoza.gov.ar\/prensa\/wp-json\/wp\/v2\/media\/99860"}],"wp:attachment":[{"href":"https:\/\/www.mendoza.gov.ar\/prensa\/wp-json\/wp\/v2\/media?parent=99859"}],"wp:term":[{"taxonomy":"category","embeddable":true,"href":"https:\/\/www.mendoza.gov.ar\/prensa\/wp-json\/wp\/v2\/categories?post=99859"},{"taxonomy":"post_tag","embeddable":true,"href":"https:\/\/www.mendoza.gov.ar\/prensa\/wp-json\/wp\/v2\/tags?post=99859"}],"curies":[{"name":"wp","href":"https:\/\/api.w.org\/{rel}","templated":true}]}}