{"id":99904,"date":"2017-08-14T12:53:31","date_gmt":"2017-08-14T15:53:31","guid":{"rendered":"http:\/\/prensa.mendoza.gov.ar\/?p=99904"},"modified":"2017-08-14T12:53:31","modified_gmt":"2017-08-14T15:53:31","slug":"servicios-publicos-de-la-provincia-y-el-poder-judicial-trabajaran-juntos-en-politicas-de-prevencion-de-delitos","status":"publish","type":"post","link":"https:\/\/www.mendoza.gov.ar\/prensa\/servicios-publicos-de-la-provincia-y-el-poder-judicial-trabajaran-juntos-en-politicas-de-prevencion-de-delitos\/","title":{"rendered":"Servicios P\u00fablicos de la Provincia y el Poder Judicial trabajar\u00e1n juntos en pol\u00edticas de prevenci\u00f3n de delitos"},"content":{"rendered":"<!DOCTYPE html PUBLIC \"-\/\/W3C\/\/DTD HTML 4.0 Transitional\/\/EN\" \"http:\/\/www.w3.org\/TR\/REC-html40\/loose.dtd\">\n<html><body><p>El secretario de Servicios P&uacute;blicos, Natalio Mema y el procurador general de la Suprema Corte de Justicia, Alejandro Gull&eacute; firmaron un convenio marco de colaboraci&oacute;n entre ambos organismos con el objetivo de trabajar de manera coordinada en la prevenci&oacute;n e investigaci&oacute;n de delitos.<\/p>\n<p>As&iacute;, el Ministerio P&uacute;blico tendr&aacute; un acceso a la informaci&oacute;n que maneja la Secretar&iacute;a m&aacute;s &aacute;gil y en tiempo real, aprovechando las herramientas tecnol&oacute;gicas disponibles y evitar la burocratizaci&oacute;n en los posibles casos de investigaci&oacute;n penal.<\/p>\n<p>Es importante aclarar que toda la informaci&oacute;n difundida ser&aacute; confidencial, a&uacute;n despu&eacute;s de que el convenio firmado haya caducado.<\/p>\n<\/body><\/html>\n","protected":false},"excerpt":{"rendered":"Mediante la firma de un convenio de colaboraci\u00f3n, la Secretar\u00eda le proporcionar\u00e1 al Ministerio P\u00fablico informaci\u00f3n relacionada a todos los servicios que est\u00e1n a su cargo, con el fin de garantizar la ejecuci\u00f3n coordinada de acciones para este fin.","protected":false},"author":2,"featured_media":99910,"comment_status":"open","ping_status":"open","sticky":false,"template":"","format":"standard","meta":[],"categories":[34],"tags":[],"_links":{"self":[{"href":"https:\/\/www.mendoza.gov.ar\/prensa\/wp-json\/wp\/v2\/posts\/99904"}],"collection":[{"href":"https:\/\/www.mendoza.gov.ar\/prensa\/wp-json\/wp\/v2\/posts"}],"about":[{"href":"https:\/\/www.mendoza.gov.ar\/prensa\/wp-json\/wp\/v2\/types\/post"}],"author":[{"embeddable":true,"href":"https:\/\/www.mendoza.gov.ar\/prensa\/wp-json\/wp\/v2\/users\/2"}],"replies":[{"embeddable":true,"href":"https:\/\/www.mendoza.gov.ar\/prensa\/wp-json\/wp\/v2\/comments?post=99904"}],"version-history":[{"count":0,"href":"https:\/\/www.mendoza.gov.ar\/prensa\/wp-json\/wp\/v2\/posts\/99904\/revisions"}],"wp:featuredmedia":[{"embeddable":true,"href":"https:\/\/www.mendoza.gov.ar\/prensa\/wp-json\/wp\/v2\/media\/99910"}],"wp:attachment":[{"href":"https:\/\/www.mendoza.gov.ar\/prensa\/wp-json\/wp\/v2\/media?parent=99904"}],"wp:term":[{"taxonomy":"category","embeddable":true,"href":"https:\/\/www.mendoza.gov.ar\/prensa\/wp-json\/wp\/v2\/categories?post=99904"},{"taxonomy":"post_tag","embeddable":true,"href":"https:\/\/www.mendoza.gov.ar\/prensa\/wp-json\/wp\/v2\/tags?post=99904"}],"curies":[{"name":"wp","href":"https:\/\/api.w.org\/{rel}","templated":true}]}}