{"id":99936,"date":"2017-08-14T15:01:02","date_gmt":"2017-08-14T18:01:02","guid":{"rendered":"http:\/\/prensa.mendoza.gov.ar\/?p=99936"},"modified":"2017-08-17T17:22:27","modified_gmt":"2017-08-17T20:22:27","slug":"integraran-las-ciclovias-de-los-departamentos-del-gran-mendoza","status":"publish","type":"post","link":"https:\/\/www.mendoza.gov.ar\/prensa\/integraran-las-ciclovias-de-los-departamentos-del-gran-mendoza\/","title":{"rendered":"Integrar\u00e1n las ciclov\u00edas de los departamentos del Gran Mendoza"},"content":{"rendered":"<!DOCTYPE html PUBLIC \"-\/\/W3C\/\/DTD HTML 4.0 Transitional\/\/EN\" \"http:\/\/www.w3.org\/TR\/REC-html40\/loose.dtd\">\n<html><body><p>Con el fin de delinear una Red de Ciclov&iacute;as Metropolitana, la Secretar&iacute;a de Ambiente y Ordenamiento Territorial (SAyOT) &ndash;a trav&eacute;s de Unicipio&ndash; junto a la Secretar&iacute;a de Servicios P&uacute;blicos, trabajan en un proyecto que ser&aacute; financiado por el Banco Interamericano de Desarrollo (BID), en el marco del Programa de Desarrollo de &Aacute;reas Metropolitanas del Interior (DAMI II).<\/p>\n<p>El proyecto de la Red Cicloviaria ser&aacute; coordinado por un consultor experto en planificaci&oacute;n y movilidad &ndash;con trabajos similares en otras provincias&ndash; de forma transversal con los secretarios de obras p&uacute;blicas y los referentes de movilidad de cada municipio, en articulaci&oacute;n con la SAyOT y la Secretar&iacute;a de Servicios P&uacute;blicos.<\/p>\n<p>&ldquo;Este es uno de los varios proyectos que tenemos previstos en la Secretar&iacute;a de Ambiente para Unicipio. Con este en particular, buscamos superar el uso recreativo de las bicisendas y que apunte a generar un opci&oacute;n efectiva para mejorar la movilidad de la poblaci&oacute;n en toda el &Aacute;rea Metropolitana&rdquo;, explic&oacute; el secretario de Ambiente y &nbsp;Ordenamiento Territorial, Humberto Mingorance.<\/p>\n<p>El proyecto partir&aacute; de un diagn&oacute;stico del desarrollo de bicisendas en cada departamento miembro de Unicipio, para luego delinear de forma conjunta una Red de Ciclov&iacute;as Metropolitana.<\/p>\n<\/body><\/html>\n","protected":false},"excerpt":{"rendered":"Se trata de una iniciativa de las secretar\u00edas de Ambiente y Ordenamiento Territorial, a trav\u00e9s de Unicipio y de la Secretar\u00eda de Servicios P\u00fablicos. Forma parte del Programa de Desarrollo de \u00c1reas Metropolitanas del Interior (DAMI II), con financiaci\u00f3n del Banco Interamericano de Desarrollo.","protected":false},"author":2,"featured_media":100323,"comment_status":"open","ping_status":"open","sticky":false,"template":"","format":"standard","meta":[],"categories":[3],"tags":[],"_links":{"self":[{"href":"https:\/\/www.mendoza.gov.ar\/prensa\/wp-json\/wp\/v2\/posts\/99936"}],"collection":[{"href":"https:\/\/www.mendoza.gov.ar\/prensa\/wp-json\/wp\/v2\/posts"}],"about":[{"href":"https:\/\/www.mendoza.gov.ar\/prensa\/wp-json\/wp\/v2\/types\/post"}],"author":[{"embeddable":true,"href":"https:\/\/www.mendoza.gov.ar\/prensa\/wp-json\/wp\/v2\/users\/2"}],"replies":[{"embeddable":true,"href":"https:\/\/www.mendoza.gov.ar\/prensa\/wp-json\/wp\/v2\/comments?post=99936"}],"version-history":[{"count":1,"href":"https:\/\/www.mendoza.gov.ar\/prensa\/wp-json\/wp\/v2\/posts\/99936\/revisions"}],"predecessor-version":[{"id":100324,"href":"https:\/\/www.mendoza.gov.ar\/prensa\/wp-json\/wp\/v2\/posts\/99936\/revisions\/100324"}],"wp:featuredmedia":[{"embeddable":true,"href":"https:\/\/www.mendoza.gov.ar\/prensa\/wp-json\/wp\/v2\/media\/100323"}],"wp:attachment":[{"href":"https:\/\/www.mendoza.gov.ar\/prensa\/wp-json\/wp\/v2\/media?parent=99936"}],"wp:term":[{"taxonomy":"category","embeddable":true,"href":"https:\/\/www.mendoza.gov.ar\/prensa\/wp-json\/wp\/v2\/categories?post=99936"},{"taxonomy":"post_tag","embeddable":true,"href":"https:\/\/www.mendoza.gov.ar\/prensa\/wp-json\/wp\/v2\/tags?post=99936"}],"curies":[{"name":"wp","href":"https:\/\/api.w.org\/{rel}","templated":true}]}}