{"id":99995,"date":"2017-08-15T09:12:52","date_gmt":"2017-08-15T12:12:52","guid":{"rendered":"http:\/\/prensa.mendoza.gov.ar\/?p=99995"},"modified":"2017-08-15T09:12:52","modified_gmt":"2017-08-15T12:12:52","slug":"seguro-agricola-un-consorcio-de-empresas-aseguradoras-presento-oferta-unica","status":"publish","type":"post","link":"https:\/\/www.mendoza.gov.ar\/prensa\/seguro-agricola-un-consorcio-de-empresas-aseguradoras-presento-oferta-unica\/","title":{"rendered":"Seguro Agr\u00edcola: un consorcio de empresas aseguradoras present\u00f3 oferta \u00fanica"},"content":{"rendered":"<!DOCTYPE html PUBLIC \"-\/\/W3C\/\/DTD HTML 4.0 Transitional\/\/EN\" \"http:\/\/www.w3.org\/TR\/REC-html40\/loose.dtd\">\n<html><body><div id=\"m_-3248142423634751879yiv2316466500yui_3_16_0_ym19_1_1502709712969_65640\" class=\"m_-3248142423634751879yiv2316466500MsoNormal\">Tras varios meses de trabajo y buscando desarrollar una mejora estructural del sector primario, el Ministerio de Econom&iacute;a, Infraestructura y Energ&iacute;a abri&oacute; los sobres de la licitaci&oacute;n para contratar un seguro agr&iacute;cola y su correspondiente reaseguro contra contingencias clim&aacute;ticas. El nuevo sistema ampl&iacute;a los beneficios que recibe el productor tras una contingencia clim&aacute;tica que produzca p&eacute;rdidas superiores al 50% de los cultivos asegurados.<\/div>\n<div id=\"m_-3248142423634751879yiv2316466500yqtfd35743\" class=\"m_-3248142423634751879yiv2316466500yqt5616730982 m_-3248142423634751879yQTDBase\">\n<div id=\"m_-3248142423634751879yiv2316466500yui_3_16_0_ym19_1_1502709712969_65705\" class=\"m_-3248142423634751879yiv2316466500MsoNormal\"><\/div>\n<div id=\"m_-3248142423634751879yiv2316466500yui_3_16_0_ym19_1_1502709712969_65670\" class=\"m_-3248142423634751879yiv2316466500MsoNormal\">La envergadura que tiene para las aseguradoras dar respuesta al riesgo clim&aacute;tico en la provincia fue el punto esencial para que un conjunto de empresas se unieran en un consorcio y presentaran una propuesta econ&oacute;mica &uacute;nica.<\/div>\n<div id=\"m_-3248142423634751879yiv2316466500yui_3_16_0_ym19_1_1502709712969_65720\" class=\"m_-3248142423634751879yiv2316466500MsoNormal\"><\/div>\n<div id=\"m_-3248142423634751879yiv2316466500yui_3_16_0_ym19_1_1502709712969_65673\" class=\"m_-3248142423634751879yiv2316466500MsoNormal\">En el nuevo esquema, el productor seguir&aacute; aportando al Fondo Compensador Agr&iacute;cola, mientras que el Estado provincial ser&aacute; el tomador del seguro que afrontar&aacute; la compensaci&oacute;n por contingencia. Es decir, ser&aacute; un esquema mixto en el que la parte p&uacute;blica y la privada administrar&aacute;n la cobertura de riesgos.<\/div>\n<div class=\"m_-3248142423634751879yiv2316466500MsoNormal\"><\/div>\n<div class=\"m_-3248142423634751879yiv2316466500MsoNormal\"><strong>Beneficiarios y compensaciones<\/strong><\/div>\n<div class=\"m_-3248142423634751879yiv2316466500MsoNormal\"><\/div>\n<div id=\"m_-3248142423634751879yiv2316466500yui_3_16_0_ym19_1_1502709712969_65706\" class=\"m_-3248142423634751879yiv2316466500MsoNormal\">El beneficio aplicar&aacute; para productores de vid, frutales, hortalizas de verano y cereales forrajeros que, hasta el 31 de agosto, adhieran al sistema y, posteriormente, sus cultivos resulten afectados por causa de granizo o heladas. Las compensaciones o indemnizaciones del nuevo sistema, en caso de que haya p&eacute;rdidas por granizo y\/o helada del 100%, ser&aacute;n de $10.000 de base para vid, frutales y hortalizas de verano, y de $3.000 para cereales y forrajes. La p&oacute;liza cubrir&aacute; hasta el 30% de los costos operativos de los productores que posean hasta 20 hect&aacute;reas, que hayan sufrido da&ntilde;os a partir del&nbsp; 50% del cultivo.<\/div>\n<div id=\"m_-3248142423634751879yiv2316466500yui_3_16_0_ym19_1_1502709712969_65713\" class=\"m_-3248142423634751879yiv2316466500MsoNormal\"><\/div>\n<div id=\"m_-3248142423634751879yiv2316466500yui_3_16_0_ym19_1_1502709712969_65714\" class=\"m_-3248142423634751879yiv2316466500MsoNormal\">Seg&uacute;n las estimaciones de la Direcci&oacute;n de Agricultura y Contingencias Clim&aacute;ticas, m&aacute;s de 16 mil productores agropecuarios de la provincia quedar&aacute;n amparados por el nuevo sistema de Seguro Agr&iacute;cola.<\/div>\n<\/div>\n<\/body><\/html>\n","protected":false},"excerpt":{"rendered":"Luego de esta instancia, t\u00e9cnicos del Gobierno evaluar\u00e1n la propuesta para que el 1 de setiembre est\u00e9 en marcha el nuevo sistema.","protected":false},"author":2,"featured_media":99996,"comment_status":"open","ping_status":"open","sticky":false,"template":"","format":"standard","meta":[],"categories":[1],"tags":[],"_links":{"self":[{"href":"https:\/\/www.mendoza.gov.ar\/prensa\/wp-json\/wp\/v2\/posts\/99995"}],"collection":[{"href":"https:\/\/www.mendoza.gov.ar\/prensa\/wp-json\/wp\/v2\/posts"}],"about":[{"href":"https:\/\/www.mendoza.gov.ar\/prensa\/wp-json\/wp\/v2\/types\/post"}],"author":[{"embeddable":true,"href":"https:\/\/www.mendoza.gov.ar\/prensa\/wp-json\/wp\/v2\/users\/2"}],"replies":[{"embeddable":true,"href":"https:\/\/www.mendoza.gov.ar\/prensa\/wp-json\/wp\/v2\/comments?post=99995"}],"version-history":[{"count":0,"href":"https:\/\/www.mendoza.gov.ar\/prensa\/wp-json\/wp\/v2\/posts\/99995\/revisions"}],"wp:featuredmedia":[{"embeddable":true,"href":"https:\/\/www.mendoza.gov.ar\/prensa\/wp-json\/wp\/v2\/media\/99996"}],"wp:attachment":[{"href":"https:\/\/www.mendoza.gov.ar\/prensa\/wp-json\/wp\/v2\/media?parent=99995"}],"wp:term":[{"taxonomy":"category","embeddable":true,"href":"https:\/\/www.mendoza.gov.ar\/prensa\/wp-json\/wp\/v2\/categories?post=99995"},{"taxonomy":"post_tag","embeddable":true,"href":"https:\/\/www.mendoza.gov.ar\/prensa\/wp-json\/wp\/v2\/tags?post=99995"}],"curies":[{"name":"wp","href":"https:\/\/api.w.org\/{rel}","templated":true}]}}